{"id":999,"date":"2013-11-22T09:03:06","date_gmt":"2013-11-22T08:03:06","guid":{"rendered":"http:\/\/www.montendre.se\/?p=999"},"modified":"2013-11-23T09:03:19","modified_gmt":"2013-11-23T08:03:19","slug":"22-november-2013","status":"publish","type":"post","link":"https:\/\/www.montendre.se\/?p=999","title":{"rendered":"22 November 2013"},"content":{"rendered":"<p>Soligt till och fr\u00e5n. Kallt dock. Knappt kommit upp till 7 grader ens.<\/p>\n<p>M\u00e5lat klart i hallen f\u00f6r den h\u00e4r g\u00e5ngen.<\/p>\n<p><a href=\"http:\/\/www.montendre.se\/wp-content\/uploads\/2013\/11\/IMG_2823.jpg\"><img loading=\"lazy\" decoding=\"async\" class=\"aligncenter size-medium wp-image-1001\" title=\"IMG_2823\" src=\"http:\/\/www.montendre.se\/wp-content\/uploads\/2013\/11\/IMG_2823-300x225.jpg\" alt=\"\" width=\"300\" height=\"225\" srcset=\"https:\/\/www.montendre.se\/wp-content\/uploads\/2013\/11\/IMG_2823-300x225.jpg 300w, https:\/\/www.montendre.se\/wp-content\/uploads\/2013\/11\/IMG_2823-1024x768.jpg 1024w, https:\/\/www.montendre.se\/wp-content\/uploads\/2013\/11\/IMG_2823-268x200.jpg 268w, https:\/\/www.montendre.se\/wp-content\/uploads\/2013\/11\/IMG_2823-700x525.jpg 700w\" sizes=\"(max-width: 300px) 100vw, 300px\" \/><\/a><\/p>\n<p><a href=\"http:\/\/www.montendre.se\/wp-content\/uploads\/2013\/11\/IMG_2824.jpg\"><img loading=\"lazy\" decoding=\"async\" class=\"aligncenter size-medium wp-image-1002\" title=\"IMG_2824\" src=\"http:\/\/www.montendre.se\/wp-content\/uploads\/2013\/11\/IMG_2824-300x225.jpg\" alt=\"\" width=\"300\" height=\"225\" srcset=\"https:\/\/www.montendre.se\/wp-content\/uploads\/2013\/11\/IMG_2824-300x225.jpg 300w, https:\/\/www.montendre.se\/wp-content\/uploads\/2013\/11\/IMG_2824-1024x768.jpg 1024w, https:\/\/www.montendre.se\/wp-content\/uploads\/2013\/11\/IMG_2824-268x200.jpg 268w, https:\/\/www.montendre.se\/wp-content\/uploads\/2013\/11\/IMG_2824-700x525.jpg 700w\" sizes=\"(max-width: 300px) 100vw, 300px\" \/><\/a><\/p>\n<p>Fixat lite i tr\u00e4dg\u00e5rden. D\u00e4r k\u00e4mpar hallonen p\u00e5&#8230;<\/p>\n<p><a href=\"http:\/\/www.montendre.se\/wp-content\/uploads\/2013\/11\/IMG_2822.jpg\"><img loading=\"lazy\" decoding=\"async\" class=\"aligncenter size-medium wp-image-1003\" title=\"IMG_2822\" src=\"http:\/\/www.montendre.se\/wp-content\/uploads\/2013\/11\/IMG_2822-225x300.jpg\" alt=\"\" width=\"225\" height=\"300\" srcset=\"https:\/\/www.montendre.se\/wp-content\/uploads\/2013\/11\/IMG_2822-225x300.jpg 225w, https:\/\/www.montendre.se\/wp-content\/uploads\/2013\/11\/IMG_2822-768x1024.jpg 768w, https:\/\/www.montendre.se\/wp-content\/uploads\/2013\/11\/IMG_2822-700x933.jpg 700w\" sizes=\"(max-width: 225px) 100vw, 225px\" \/><\/a><\/p>\n<p>P\u00e5 eftermiddagen bes\u00f6kte vi de tre permanenta loppmarknaderna. Inget fynd, bara en lampa som var r\u00e4tt snygg och ball. Lite dyr. Kanske f\u00f6rs\u00f6ker pruta i morgon.<\/p>\n<p>Testade Beaujolais Nouveau-vinet idag. R\u00e4tt blaskigt. Nu var det ju i och f\u00f6r sig ros\u00e9-varianten.<\/p>\n<p>K\u00f6pte kastanjer och ska koka enligt Lucettes recept.\u00a0Skalning p\u00e5g\u00e5r h\u00e4r.<\/p>\n<p><a href=\"http:\/\/www.montendre.se\/wp-content\/uploads\/2013\/11\/IMG_2828.jpg\"><img loading=\"lazy\" decoding=\"async\" class=\"aligncenter size-medium wp-image-1006\" title=\"IMG_2828\" src=\"http:\/\/www.montendre.se\/wp-content\/uploads\/2013\/11\/IMG_2828-300x225.jpg\" alt=\"\" width=\"300\" height=\"225\" srcset=\"https:\/\/www.montendre.se\/wp-content\/uploads\/2013\/11\/IMG_2828-300x225.jpg 300w, https:\/\/www.montendre.se\/wp-content\/uploads\/2013\/11\/IMG_2828-1024x768.jpg 1024w, https:\/\/www.montendre.se\/wp-content\/uploads\/2013\/11\/IMG_2828-268x200.jpg 268w, https:\/\/www.montendre.se\/wp-content\/uploads\/2013\/11\/IMG_2828-700x525.jpg 700w\" sizes=\"(max-width: 300px) 100vw, 300px\" \/><\/a><\/p>\n","protected":false},"excerpt":{"rendered":"<p>Soligt till och fr\u00e5n. Kallt dock. Knappt kommit upp till 7 grader ens. M\u00e5lat klart i hallen f\u00f6r den h\u00e4r g\u00e5ngen. Fixat lite i tr\u00e4dg\u00e5rden. D\u00e4r k\u00e4mpar hallonen p\u00e5&#8230; P\u00e5 eftermiddagen bes\u00f6kte vi de tre permanenta loppmarknaderna. Inget fynd, bara en lampa som var r\u00e4tt snygg och ball. Lite dyr. &#8230;<\/p>\n","protected":false},"author":1,"featured_media":0,"comment_status":"open","ping_status":"open","sticky":false,"template":"","format":"standard","meta":{"jetpack_post_was_ever_published":false,"_jetpack_newsletter_access":"","_jetpack_dont_email_post_to_subs":false,"_jetpack_newsletter_tier_id":0,"footnotes":""},"categories":[20],"tags":[],"jetpack_sharing_enabled":true,"jetpack_featured_media_url":"","_links":{"self":[{"href":"https:\/\/www.montendre.se\/index.php?rest_route=\/wp\/v2\/posts\/999"}],"collection":[{"href":"https:\/\/www.montendre.se\/index.php?rest_route=\/wp\/v2\/posts"}],"about":[{"href":"https:\/\/www.montendre.se\/index.php?rest_route=\/wp\/v2\/types\/post"}],"author":[{"embeddable":true,"href":"https:\/\/www.montendre.se\/index.php?rest_route=\/wp\/v2\/users\/1"}],"replies":[{"embeddable":true,"href":"https:\/\/www.montendre.se\/index.php?rest_route=%2Fwp%2Fv2%2Fcomments&post=999"}],"version-history":[{"count":6,"href":"https:\/\/www.montendre.se\/index.php?rest_route=\/wp\/v2\/posts\/999\/revisions"}],"predecessor-version":[{"id":1009,"href":"https:\/\/www.montendre.se\/index.php?rest_route=\/wp\/v2\/posts\/999\/revisions\/1009"}],"wp:attachment":[{"href":"https:\/\/www.montendre.se\/index.php?rest_route=%2Fwp%2Fv2%2Fmedia&parent=999"}],"wp:term":[{"taxonomy":"category","embeddable":true,"href":"https:\/\/www.montendre.se\/index.php?rest_route=%2Fwp%2Fv2%2Fcategories&post=999"},{"taxonomy":"post_tag","embeddable":true,"href":"https:\/\/www.montendre.se\/index.php?rest_route=%2Fwp%2Fv2%2Ftags&post=999"}],"curies":[{"name":"wp","href":"https:\/\/api.w.org\/{rel}","templated":true}]}}