{"id":984,"date":"2013-11-21T09:16:43","date_gmt":"2013-11-21T08:16:43","guid":{"rendered":"http:\/\/www.montendre.se\/?p=984"},"modified":"2013-11-22T09:16:58","modified_gmt":"2013-11-22T08:16:58","slug":"21-november-2013","status":"publish","type":"post","link":"https:\/\/www.montendre.se\/?p=984","title":{"rendered":"21 November 2013"},"content":{"rendered":"<p>Omv\u00e4xlande soligt och regn p\u00e5 f\u00f6rmiddagen inget regn p\u00e5 eftermiddagen. Kom upp till 10 grader. Gick p\u00e5 marknaden och handlade skaldjur och fisk.<\/p>\n<p>Planterat nya aprikosen och k\u00f6rsb\u00e4rstr\u00e4det. Lite st\u00f6rre (l\u00e4ngre) \u00e4n de andra tr\u00e4den vi k\u00f6pt men \u00e4nd\u00e5 hyfsat pris tycker jag, 42\u20ac f\u00f6r b\u00e5da.<\/p>\n<p><a href=\"http:\/\/www.montendre.se\/wp-content\/uploads\/2013\/11\/IMG_2815.jpg\"><img loading=\"lazy\" decoding=\"async\" class=\"aligncenter size-medium wp-image-986\" title=\"IMG_2815\" src=\"http:\/\/www.montendre.se\/wp-content\/uploads\/2013\/11\/IMG_2815-225x300.jpg\" alt=\"\" width=\"225\" height=\"300\" srcset=\"https:\/\/www.montendre.se\/wp-content\/uploads\/2013\/11\/IMG_2815-225x300.jpg 225w, https:\/\/www.montendre.se\/wp-content\/uploads\/2013\/11\/IMG_2815-768x1024.jpg 768w, https:\/\/www.montendre.se\/wp-content\/uploads\/2013\/11\/IMG_2815-700x933.jpg 700w\" sizes=\"(max-width: 225px) 100vw, 225px\" \/><\/a><a href=\"http:\/\/www.montendre.se\/wp-content\/uploads\/2013\/11\/IMG_2816.jpg\"><img loading=\"lazy\" decoding=\"async\" class=\"aligncenter size-medium wp-image-987\" title=\"IMG_2816\" src=\"http:\/\/www.montendre.se\/wp-content\/uploads\/2013\/11\/IMG_2816-225x300.jpg\" alt=\"\" width=\"225\" height=\"300\" srcset=\"https:\/\/www.montendre.se\/wp-content\/uploads\/2013\/11\/IMG_2816-225x300.jpg 225w, https:\/\/www.montendre.se\/wp-content\/uploads\/2013\/11\/IMG_2816-768x1024.jpg 768w, https:\/\/www.montendre.se\/wp-content\/uploads\/2013\/11\/IMG_2816-700x933.jpg 700w\" sizes=\"(max-width: 225px) 100vw, 225px\" \/><\/a><\/p>\n<p>Tredje torsdagen i november \u00e4r det dags f\u00f6r vad? En icke-h\u00e4ndelse i dagen vin-sverige. \u00c5rets premi\u00e4r f\u00f6r Beaujolais Nouveau. K\u00f6pte en ros\u00e9. Har inte druckit den \u00e4n.<\/p>\n<p><a href=\"http:\/\/www.montendre.se\/wp-content\/uploads\/2013\/11\/IMG_2818.jpg\"><img loading=\"lazy\" decoding=\"async\" class=\"aligncenter size-medium wp-image-991\" title=\"IMG_2818\" src=\"http:\/\/www.montendre.se\/wp-content\/uploads\/2013\/11\/IMG_2818-225x300.jpg\" alt=\"\" width=\"225\" height=\"300\" srcset=\"https:\/\/www.montendre.se\/wp-content\/uploads\/2013\/11\/IMG_2818-225x300.jpg 225w, https:\/\/www.montendre.se\/wp-content\/uploads\/2013\/11\/IMG_2818-768x1024.jpg 768w, https:\/\/www.montendre.se\/wp-content\/uploads\/2013\/11\/IMG_2818-700x933.jpg 700w\" sizes=\"(max-width: 225px) 100vw, 225px\" \/><\/a><\/p>\n<p>K\u00f6pte langoustines p\u00e5 marknaden. R\u00e5a som vi m\u00e5ste koka sj\u00e4lva. 2-3 minuter, salt och lagerblad enligt fiskebilstanten.<\/p>\n<p><a href=\"http:\/\/www.montendre.se\/wp-content\/uploads\/2013\/11\/IMG_2819.jpg\"><img loading=\"lazy\" decoding=\"async\" class=\"aligncenter size-medium wp-image-992\" title=\"IMG_2819\" src=\"http:\/\/www.montendre.se\/wp-content\/uploads\/2013\/11\/IMG_2819-225x300.jpg\" alt=\"\" width=\"225\" height=\"300\" srcset=\"https:\/\/www.montendre.se\/wp-content\/uploads\/2013\/11\/IMG_2819-225x300.jpg 225w, https:\/\/www.montendre.se\/wp-content\/uploads\/2013\/11\/IMG_2819-768x1024.jpg 768w, https:\/\/www.montendre.se\/wp-content\/uploads\/2013\/11\/IMG_2819-700x933.jpg 700w\" sizes=\"(max-width: 225px) 100vw, 225px\" \/><\/a><\/p>\n<p>Bj\u00f6d \u00f6ver Georges och Lucette p\u00e5 aperitif.<\/p>\n<p>Langustinerna blev inte j\u00e4ttegoda. Ska prova n\u00e5gon mer g\u00e5ng men d\u00e5 kanske koka dem som man kokar en krabba med lite kryddor.<\/p>\n","protected":false},"excerpt":{"rendered":"<p>Omv\u00e4xlande soligt och regn p\u00e5 f\u00f6rmiddagen inget regn p\u00e5 eftermiddagen. Kom upp till 10 grader. Gick p\u00e5 marknaden och handlade skaldjur och fisk. Planterat nya aprikosen och k\u00f6rsb\u00e4rstr\u00e4det. Lite st\u00f6rre (l\u00e4ngre) \u00e4n de andra tr\u00e4den vi k\u00f6pt men \u00e4nd\u00e5 hyfsat pris tycker jag, 42\u20ac f\u00f6r b\u00e5da. Tredje torsdagen i november &#8230;<\/p>\n","protected":false},"author":1,"featured_media":0,"comment_status":"open","ping_status":"open","sticky":false,"template":"","format":"standard","meta":{"jetpack_post_was_ever_published":false,"_jetpack_newsletter_access":"","_jetpack_dont_email_post_to_subs":false,"_jetpack_newsletter_tier_id":0,"footnotes":""},"categories":[20],"tags":[],"jetpack_sharing_enabled":true,"jetpack_featured_media_url":"","_links":{"self":[{"href":"https:\/\/www.montendre.se\/index.php?rest_route=\/wp\/v2\/posts\/984"}],"collection":[{"href":"https:\/\/www.montendre.se\/index.php?rest_route=\/wp\/v2\/posts"}],"about":[{"href":"https:\/\/www.montendre.se\/index.php?rest_route=\/wp\/v2\/types\/post"}],"author":[{"embeddable":true,"href":"https:\/\/www.montendre.se\/index.php?rest_route=\/wp\/v2\/users\/1"}],"replies":[{"embeddable":true,"href":"https:\/\/www.montendre.se\/index.php?rest_route=%2Fwp%2Fv2%2Fcomments&post=984"}],"version-history":[{"count":9,"href":"https:\/\/www.montendre.se\/index.php?rest_route=\/wp\/v2\/posts\/984\/revisions"}],"predecessor-version":[{"id":997,"href":"https:\/\/www.montendre.se\/index.php?rest_route=\/wp\/v2\/posts\/984\/revisions\/997"}],"wp:attachment":[{"href":"https:\/\/www.montendre.se\/index.php?rest_route=%2Fwp%2Fv2%2Fmedia&parent=984"}],"wp:term":[{"taxonomy":"category","embeddable":true,"href":"https:\/\/www.montendre.se\/index.php?rest_route=%2Fwp%2Fv2%2Fcategories&post=984"},{"taxonomy":"post_tag","embeddable":true,"href":"https:\/\/www.montendre.se\/index.php?rest_route=%2Fwp%2Fv2%2Ftags&post=984"}],"curies":[{"name":"wp","href":"https:\/\/api.w.org\/{rel}","templated":true}]}}