{"id":971,"date":"2013-11-19T08:36:34","date_gmt":"2013-11-19T07:36:34","guid":{"rendered":"http:\/\/www.montendre.se\/?p=971"},"modified":"2013-11-20T08:36:45","modified_gmt":"2013-11-20T07:36:45","slug":"19-november-2013","status":"publish","type":"post","link":"https:\/\/www.montendre.se\/?p=971","title":{"rendered":"19 November 2013"},"content":{"rendered":"<p>Lite b\u00e4ttre v\u00e4der idag. Solglimtar och upp mot 10 grader.<\/p>\n<p>M\u00e5lat fler delar i hallen och spacklat lite. Ska f\u00f6rs\u00f6ka f\u00e5 klart det jag p\u00e5b\u00f6rjat s\u00e5 jag kan l\u00e4gga det \u00e5t sidan sedan.<\/p>\n<p>Fixat lite i tr\u00e4dg\u00e5rden. Klippt ner de st\u00f6rsta avbl\u00e5sta grenarna s\u00e5 vi f\u00e5r in dem i bilen. Har t\u00e4nkt hyra en sk\u00e5pbil den h\u00e4r g\u00e5ngen ocks\u00e5 f\u00f6r att frakta iv\u00e4g grenarna till soptippen.<\/p>\n<p><a href=\"http:\/\/www.montendre.se\/wp-content\/uploads\/2013\/11\/IMG_2806.jpg\"><img loading=\"lazy\" decoding=\"async\" class=\"aligncenter size-medium wp-image-975\" title=\"IMG_2806\" src=\"http:\/\/www.montendre.se\/wp-content\/uploads\/2013\/11\/IMG_2806-300x225.jpg\" alt=\"\" width=\"300\" height=\"225\" srcset=\"https:\/\/www.montendre.se\/wp-content\/uploads\/2013\/11\/IMG_2806-300x225.jpg 300w, https:\/\/www.montendre.se\/wp-content\/uploads\/2013\/11\/IMG_2806-1024x768.jpg 1024w, https:\/\/www.montendre.se\/wp-content\/uploads\/2013\/11\/IMG_2806-268x200.jpg 268w, https:\/\/www.montendre.se\/wp-content\/uploads\/2013\/11\/IMG_2806-700x525.jpg 700w\" sizes=\"(max-width: 300px) 100vw, 300px\" \/><\/a><\/p>\n<p>P\u00e5 eftermiddagen \u00e5kte vi till Bordeaux f\u00f6r att titta p\u00e5 d\u00f6rr och f\u00f6nster.<\/p>\n<p>K\u00e4kade i Jonzac p\u00e5 Comptoir du March\u00e9.<\/p>\n<p>&nbsp;<\/p>\n","protected":false},"excerpt":{"rendered":"<p>Lite b\u00e4ttre v\u00e4der idag. Solglimtar och upp mot 10 grader. M\u00e5lat fler delar i hallen och spacklat lite. Ska f\u00f6rs\u00f6ka f\u00e5 klart det jag p\u00e5b\u00f6rjat s\u00e5 jag kan l\u00e4gga det \u00e5t sidan sedan. Fixat lite i tr\u00e4dg\u00e5rden. Klippt ner de st\u00f6rsta avbl\u00e5sta grenarna s\u00e5 vi f\u00e5r in dem i bilen. &#8230;<\/p>\n","protected":false},"author":1,"featured_media":0,"comment_status":"open","ping_status":"open","sticky":false,"template":"","format":"standard","meta":{"jetpack_post_was_ever_published":false,"_jetpack_newsletter_access":"","_jetpack_dont_email_post_to_subs":false,"_jetpack_newsletter_tier_id":0,"footnotes":""},"categories":[20],"tags":[],"jetpack_sharing_enabled":true,"jetpack_featured_media_url":"","_links":{"self":[{"href":"https:\/\/www.montendre.se\/index.php?rest_route=\/wp\/v2\/posts\/971"}],"collection":[{"href":"https:\/\/www.montendre.se\/index.php?rest_route=\/wp\/v2\/posts"}],"about":[{"href":"https:\/\/www.montendre.se\/index.php?rest_route=\/wp\/v2\/types\/post"}],"author":[{"embeddable":true,"href":"https:\/\/www.montendre.se\/index.php?rest_route=\/wp\/v2\/users\/1"}],"replies":[{"embeddable":true,"href":"https:\/\/www.montendre.se\/index.php?rest_route=%2Fwp%2Fv2%2Fcomments&post=971"}],"version-history":[{"count":5,"href":"https:\/\/www.montendre.se\/index.php?rest_route=\/wp\/v2\/posts\/971\/revisions"}],"predecessor-version":[{"id":977,"href":"https:\/\/www.montendre.se\/index.php?rest_route=\/wp\/v2\/posts\/971\/revisions\/977"}],"wp:attachment":[{"href":"https:\/\/www.montendre.se\/index.php?rest_route=%2Fwp%2Fv2%2Fmedia&parent=971"}],"wp:term":[{"taxonomy":"category","embeddable":true,"href":"https:\/\/www.montendre.se\/index.php?rest_route=%2Fwp%2Fv2%2Fcategories&post=971"},{"taxonomy":"post_tag","embeddable":true,"href":"https:\/\/www.montendre.se\/index.php?rest_route=%2Fwp%2Fv2%2Ftags&post=971"}],"curies":[{"name":"wp","href":"https:\/\/api.w.org\/{rel}","templated":true}]}}