{"id":908,"date":"2013-08-10T08:59:33","date_gmt":"2013-08-10T06:59:33","guid":{"rendered":"http:\/\/www.montendre.se\/?p=908"},"modified":"2013-08-10T08:59:33","modified_gmt":"2013-08-10T06:59:33","slug":"8-9-augusti-2013","status":"publish","type":"post","link":"https:\/\/www.montendre.se\/?p=908","title":{"rendered":"8-9 augusti 2013"},"content":{"rendered":"<p>Torsdag var det v\u00e4xlande molnighet runt 25-26 grader. Marknad p\u00e5 f\u00f6rmiddagen och lite tujah\u00e4cksklippning. P\u00e5 eftermiddagen \u00e5kte vi till Angoul\u00eame f\u00f6r att kolla lite p\u00e5 badrumsgrejer. Blev ingen lysande tur f\u00f6r ordinarie personal var p\u00e5 semester och de som fanns p\u00e5 plats visste inte s\u00e5 mycket.<\/p>\n<p>Aperitif hos Georges och Lucette med Martine ocks\u00e5.<\/p>\n<p>Fredag var i princip samma v\u00e4der som p\u00e5 torsdagen. Klippte gr\u00e4set. En liten auberginefrukt har kommit.<\/p>\n<p><a href=\"http:\/\/www.montendre.se\/wp-content\/uploads\/2013\/08\/IMG_2729.jpg\"><img loading=\"lazy\" decoding=\"async\" class=\"aligncenter size-medium wp-image-913\" title=\"IMG_2729\" src=\"http:\/\/www.montendre.se\/wp-content\/uploads\/2013\/08\/IMG_2729-225x300.jpg\" alt=\"\" width=\"225\" height=\"300\" srcset=\"https:\/\/www.montendre.se\/wp-content\/uploads\/2013\/08\/IMG_2729-225x300.jpg 225w, https:\/\/www.montendre.se\/wp-content\/uploads\/2013\/08\/IMG_2729-768x1024.jpg 768w, https:\/\/www.montendre.se\/wp-content\/uploads\/2013\/08\/IMG_2729-700x933.jpg 700w\" sizes=\"(max-width: 225px) 100vw, 225px\" \/><\/a><\/p>\n<p>Och vinet v\u00e4xer p\u00e5.<\/p>\n<p><a href=\"http:\/\/www.montendre.se\/wp-content\/uploads\/2013\/08\/IMG_2730.jpg\"><img loading=\"lazy\" decoding=\"async\" class=\"aligncenter size-medium wp-image-914\" title=\"IMG_2730\" src=\"http:\/\/www.montendre.se\/wp-content\/uploads\/2013\/08\/IMG_2730-300x225.jpg\" alt=\"\" width=\"300\" height=\"225\" srcset=\"https:\/\/www.montendre.se\/wp-content\/uploads\/2013\/08\/IMG_2730-300x225.jpg 300w, https:\/\/www.montendre.se\/wp-content\/uploads\/2013\/08\/IMG_2730-1024x768.jpg 1024w, https:\/\/www.montendre.se\/wp-content\/uploads\/2013\/08\/IMG_2730-268x200.jpg 268w, https:\/\/www.montendre.se\/wp-content\/uploads\/2013\/08\/IMG_2730-700x525.jpg 700w\" sizes=\"(max-width: 300px) 100vw, 300px\" \/><\/a><\/p>\n<p>Georges och Lucette hade tr\u00e4ffat sin svampplockarv\u00e4n. Hon plockar tydligen enormt mycket karljohansvamp, men ger bort i princip allt. Det h\u00e4r hade Georges och Lucette f\u00e5tt idag.<\/p>\n<p><a href=\"http:\/\/www.montendre.se\/wp-content\/uploads\/2013\/08\/IMG_27311.jpg\"><img loading=\"lazy\" decoding=\"async\" class=\"aligncenter size-medium wp-image-916\" title=\"IMG_2731\" src=\"http:\/\/www.montendre.se\/wp-content\/uploads\/2013\/08\/IMG_27311-225x300.jpg\" alt=\"\" width=\"225\" height=\"300\" srcset=\"https:\/\/www.montendre.se\/wp-content\/uploads\/2013\/08\/IMG_27311-225x300.jpg 225w, https:\/\/www.montendre.se\/wp-content\/uploads\/2013\/08\/IMG_27311-768x1024.jpg 768w, https:\/\/www.montendre.se\/wp-content\/uploads\/2013\/08\/IMG_27311-700x933.jpg 700w\" sizes=\"(max-width: 225px) 100vw, 225px\" \/><\/a><\/p>\n<p>Vi fick n\u00e5gra ocks\u00e5.<\/p>\n<p><a href=\"http:\/\/www.montendre.se\/wp-content\/uploads\/2013\/08\/IMG_2732.jpg\"><img loading=\"lazy\" decoding=\"async\" class=\"aligncenter size-medium wp-image-918\" title=\"IMG_2732\" src=\"http:\/\/www.montendre.se\/wp-content\/uploads\/2013\/08\/IMG_2732-300x225.jpg\" alt=\"\" width=\"300\" height=\"225\" srcset=\"https:\/\/www.montendre.se\/wp-content\/uploads\/2013\/08\/IMG_2732-300x225.jpg 300w, https:\/\/www.montendre.se\/wp-content\/uploads\/2013\/08\/IMG_2732-1024x768.jpg 1024w, https:\/\/www.montendre.se\/wp-content\/uploads\/2013\/08\/IMG_2732-268x200.jpg 268w, https:\/\/www.montendre.se\/wp-content\/uploads\/2013\/08\/IMG_2732-700x525.jpg 700w\" sizes=\"(max-width: 300px) 100vw, 300px\" \/><\/a><\/p>\n<p>Jag har grundm\u00e5lat ytterd\u00f6rren en g\u00e5ng till f\u00f6r s\u00e4kerhets skull och grundm\u00e5lat sovrumsf\u00f6nstret.<\/p>\n<p><a href=\"http:\/\/www.montendre.se\/wp-content\/uploads\/2013\/08\/IMG_2736.jpg\"><img loading=\"lazy\" decoding=\"async\" class=\"aligncenter size-medium wp-image-920\" title=\"IMG_2736\" src=\"http:\/\/www.montendre.se\/wp-content\/uploads\/2013\/08\/IMG_2736-225x300.jpg\" alt=\"\" width=\"225\" height=\"300\" srcset=\"https:\/\/www.montendre.se\/wp-content\/uploads\/2013\/08\/IMG_2736-225x300.jpg 225w, https:\/\/www.montendre.se\/wp-content\/uploads\/2013\/08\/IMG_2736-768x1024.jpg 768w, https:\/\/www.montendre.se\/wp-content\/uploads\/2013\/08\/IMG_2736-700x933.jpg 700w\" sizes=\"(max-width: 225px) 100vw, 225px\" \/><\/a><\/p>\n<p>Har dessutom fyllt igen ett av h\u00e5len i gr\u00e4smattan (som g\u00f6r det s\u00e5 jobbigt att klippa gr\u00e4set) och ansat &#8221;tunneln&#8221;.<\/p>\n<p><a href=\"http:\/\/www.montendre.se\/wp-content\/uploads\/2013\/08\/IMG_2735.jpg\"><img loading=\"lazy\" decoding=\"async\" class=\"aligncenter size-medium wp-image-922\" title=\"IMG_2735\" src=\"http:\/\/www.montendre.se\/wp-content\/uploads\/2013\/08\/IMG_2735-300x225.jpg\" alt=\"\" width=\"300\" height=\"225\" srcset=\"https:\/\/www.montendre.se\/wp-content\/uploads\/2013\/08\/IMG_2735-300x225.jpg 300w, https:\/\/www.montendre.se\/wp-content\/uploads\/2013\/08\/IMG_2735-1024x768.jpg 1024w, https:\/\/www.montendre.se\/wp-content\/uploads\/2013\/08\/IMG_2735-268x200.jpg 268w, https:\/\/www.montendre.se\/wp-content\/uploads\/2013\/08\/IMG_2735-700x525.jpg 700w\" sizes=\"(max-width: 300px) 100vw, 300px\" \/><\/a><a href=\"http:\/\/www.montendre.se\/wp-content\/uploads\/2013\/08\/IMG_2733.jpg\"><img loading=\"lazy\" decoding=\"async\" class=\"aligncenter size-medium wp-image-924\" title=\"IMG_2733\" src=\"http:\/\/www.montendre.se\/wp-content\/uploads\/2013\/08\/IMG_2733-225x300.jpg\" alt=\"\" width=\"225\" height=\"300\" srcset=\"https:\/\/www.montendre.se\/wp-content\/uploads\/2013\/08\/IMG_2733-225x300.jpg 225w, https:\/\/www.montendre.se\/wp-content\/uploads\/2013\/08\/IMG_2733-768x1024.jpg 768w, https:\/\/www.montendre.se\/wp-content\/uploads\/2013\/08\/IMG_2733-700x933.jpg 700w\" sizes=\"(max-width: 225px) 100vw, 225px\" \/><\/a><\/p>\n<p>L har rensat i utrymmet bredvid linden.<\/p>\n<p><a href=\"http:\/\/www.montendre.se\/wp-content\/uploads\/2013\/08\/IMG_2734.jpg\"><img loading=\"lazy\" decoding=\"async\" class=\"aligncenter size-medium wp-image-925\" title=\"IMG_2734\" src=\"http:\/\/www.montendre.se\/wp-content\/uploads\/2013\/08\/IMG_2734-300x225.jpg\" alt=\"\" width=\"300\" height=\"225\" srcset=\"https:\/\/www.montendre.se\/wp-content\/uploads\/2013\/08\/IMG_2734-300x225.jpg 300w, https:\/\/www.montendre.se\/wp-content\/uploads\/2013\/08\/IMG_2734-1024x768.jpg 1024w, https:\/\/www.montendre.se\/wp-content\/uploads\/2013\/08\/IMG_2734-268x200.jpg 268w, https:\/\/www.montendre.se\/wp-content\/uploads\/2013\/08\/IMG_2734-700x525.jpg 700w\" sizes=\"(max-width: 300px) 100vw, 300px\" \/><\/a><\/p>\n","protected":false},"excerpt":{"rendered":"<p>Torsdag var det v\u00e4xlande molnighet runt 25-26 grader. Marknad p\u00e5 f\u00f6rmiddagen och lite tujah\u00e4cksklippning. P\u00e5 eftermiddagen \u00e5kte vi till Angoul\u00eame f\u00f6r att kolla lite p\u00e5 badrumsgrejer. Blev ingen lysande tur f\u00f6r ordinarie personal var p\u00e5 semester och de som fanns p\u00e5 plats visste inte s\u00e5 mycket. Aperitif hos Georges och &#8230;<\/p>\n","protected":false},"author":1,"featured_media":0,"comment_status":"open","ping_status":"open","sticky":false,"template":"","format":"standard","meta":{"jetpack_post_was_ever_published":false,"_jetpack_newsletter_access":"","_jetpack_dont_email_post_to_subs":false,"_jetpack_newsletter_tier_id":0,"footnotes":""},"categories":[11],"tags":[],"jetpack_sharing_enabled":true,"jetpack_featured_media_url":"","_links":{"self":[{"href":"https:\/\/www.montendre.se\/index.php?rest_route=\/wp\/v2\/posts\/908"}],"collection":[{"href":"https:\/\/www.montendre.se\/index.php?rest_route=\/wp\/v2\/posts"}],"about":[{"href":"https:\/\/www.montendre.se\/index.php?rest_route=\/wp\/v2\/types\/post"}],"author":[{"embeddable":true,"href":"https:\/\/www.montendre.se\/index.php?rest_route=\/wp\/v2\/users\/1"}],"replies":[{"embeddable":true,"href":"https:\/\/www.montendre.se\/index.php?rest_route=%2Fwp%2Fv2%2Fcomments&post=908"}],"version-history":[{"count":7,"href":"https:\/\/www.montendre.se\/index.php?rest_route=\/wp\/v2\/posts\/908\/revisions"}],"predecessor-version":[{"id":928,"href":"https:\/\/www.montendre.se\/index.php?rest_route=\/wp\/v2\/posts\/908\/revisions\/928"}],"wp:attachment":[{"href":"https:\/\/www.montendre.se\/index.php?rest_route=%2Fwp%2Fv2%2Fmedia&parent=908"}],"wp:term":[{"taxonomy":"category","embeddable":true,"href":"https:\/\/www.montendre.se\/index.php?rest_route=%2Fwp%2Fv2%2Fcategories&post=908"},{"taxonomy":"post_tag","embeddable":true,"href":"https:\/\/www.montendre.se\/index.php?rest_route=%2Fwp%2Fv2%2Ftags&post=908"}],"curies":[{"name":"wp","href":"https:\/\/api.w.org\/{rel}","templated":true}]}}