{"id":900,"date":"2013-08-08T10:20:14","date_gmt":"2013-08-08T08:20:14","guid":{"rendered":"http:\/\/www.montendre.se\/?p=900"},"modified":"2013-08-08T10:20:14","modified_gmt":"2013-08-08T08:20:14","slug":"7-augusti-2013","status":"publish","type":"post","link":"https:\/\/www.montendre.se\/?p=900","title":{"rendered":"7 augusti 2013"},"content":{"rendered":"<p>Frukostsk\u00f6rden:<\/p>\n<p><a href=\"http:\/\/www.montendre.se\/wp-content\/uploads\/2013\/08\/IMG_2725.jpg\"><img loading=\"lazy\" decoding=\"async\" class=\"aligncenter size-medium wp-image-902\" title=\"IMG_2725\" src=\"http:\/\/www.montendre.se\/wp-content\/uploads\/2013\/08\/IMG_2725-225x300.jpg\" alt=\"\" width=\"225\" height=\"300\" srcset=\"https:\/\/www.montendre.se\/wp-content\/uploads\/2013\/08\/IMG_2725-225x300.jpg 225w, https:\/\/www.montendre.se\/wp-content\/uploads\/2013\/08\/IMG_2725-768x1024.jpg 768w, https:\/\/www.montendre.se\/wp-content\/uploads\/2013\/08\/IMG_2725-700x933.jpg 700w\" sizes=\"(max-width: 225px) 100vw, 225px\" \/><\/a><\/p>\n<p>Mulet och runt 20-22 grader p\u00e5 f\u00f6rmiddagen. Jag klippte vidare p\u00e5 tujah\u00e4cken.<\/p>\n<p><a href=\"http:\/\/www.montendre.se\/wp-content\/uploads\/2013\/08\/IMG_2726.jpg\"><img loading=\"lazy\" decoding=\"async\" class=\"aligncenter size-medium wp-image-906\" title=\"IMG_2726\" src=\"http:\/\/www.montendre.se\/wp-content\/uploads\/2013\/08\/IMG_2726-300x225.jpg\" alt=\"\" width=\"300\" height=\"225\" srcset=\"https:\/\/www.montendre.se\/wp-content\/uploads\/2013\/08\/IMG_2726-300x225.jpg 300w, https:\/\/www.montendre.se\/wp-content\/uploads\/2013\/08\/IMG_2726-1024x768.jpg 1024w, https:\/\/www.montendre.se\/wp-content\/uploads\/2013\/08\/IMG_2726-268x200.jpg 268w, https:\/\/www.montendre.se\/wp-content\/uploads\/2013\/08\/IMG_2726-700x525.jpg 700w\" sizes=\"(max-width: 300px) 100vw, 300px\" \/><\/a>Vid tv\u00e5tiden n\u00e4r jag h\u00e4mtade bilen som vi hyrt f\u00f6r att frakta bort all tuja och lite annat skr\u00e4p b\u00f6rjade det regna. F\u00f6rst\u00e5s. Ganska mycket ocks\u00e5. Men bra att hyra lastbil f\u00f6r att frakta bort grejer. Gick p\u00e5 tv\u00e5 v\u00e4ndor och jag beh\u00f6vde inte kapa ner allt i sm\u00e5 delar. Kostade bara 19\u20ac inkl diesel att hyra lastbilen en halvdag.<\/p>\n<p>Regnade r\u00e4tt mycket hela eftermiddagen. Blev bl\u00f6t in p\u00e5 bara kroppen s\u00e5 att till och med telefonen slutade fungera p\u00e5 grund av fukt. Den kom ig\u00e5ng igen fram\u00e5t kv\u00e4llen.<\/p>\n<p>&nbsp;<\/p>\n","protected":false},"excerpt":{"rendered":"<p>Frukostsk\u00f6rden: Mulet och runt 20-22 grader p\u00e5 f\u00f6rmiddagen. Jag klippte vidare p\u00e5 tujah\u00e4cken. Vid tv\u00e5tiden n\u00e4r jag h\u00e4mtade bilen som vi hyrt f\u00f6r att frakta bort all tuja och lite annat skr\u00e4p b\u00f6rjade det regna. F\u00f6rst\u00e5s. Ganska mycket ocks\u00e5. Men bra att hyra lastbil f\u00f6r att frakta bort grejer. Gick &#8230;<\/p>\n","protected":false},"author":1,"featured_media":0,"comment_status":"open","ping_status":"open","sticky":false,"template":"","format":"standard","meta":{"jetpack_post_was_ever_published":false,"_jetpack_newsletter_access":"","_jetpack_dont_email_post_to_subs":false,"_jetpack_newsletter_tier_id":0,"footnotes":""},"categories":[11],"tags":[],"jetpack_sharing_enabled":true,"jetpack_featured_media_url":"","_links":{"self":[{"href":"https:\/\/www.montendre.se\/index.php?rest_route=\/wp\/v2\/posts\/900"}],"collection":[{"href":"https:\/\/www.montendre.se\/index.php?rest_route=\/wp\/v2\/posts"}],"about":[{"href":"https:\/\/www.montendre.se\/index.php?rest_route=\/wp\/v2\/types\/post"}],"author":[{"embeddable":true,"href":"https:\/\/www.montendre.se\/index.php?rest_route=\/wp\/v2\/users\/1"}],"replies":[{"embeddable":true,"href":"https:\/\/www.montendre.se\/index.php?rest_route=%2Fwp%2Fv2%2Fcomments&post=900"}],"version-history":[{"count":5,"href":"https:\/\/www.montendre.se\/index.php?rest_route=\/wp\/v2\/posts\/900\/revisions"}],"predecessor-version":[{"id":907,"href":"https:\/\/www.montendre.se\/index.php?rest_route=\/wp\/v2\/posts\/900\/revisions\/907"}],"wp:attachment":[{"href":"https:\/\/www.montendre.se\/index.php?rest_route=%2Fwp%2Fv2%2Fmedia&parent=900"}],"wp:term":[{"taxonomy":"category","embeddable":true,"href":"https:\/\/www.montendre.se\/index.php?rest_route=%2Fwp%2Fv2%2Fcategories&post=900"},{"taxonomy":"post_tag","embeddable":true,"href":"https:\/\/www.montendre.se\/index.php?rest_route=%2Fwp%2Fv2%2Ftags&post=900"}],"curies":[{"name":"wp","href":"https:\/\/api.w.org\/{rel}","templated":true}]}}