{"id":880,"date":"2013-08-06T18:48:06","date_gmt":"2013-08-06T16:48:06","guid":{"rendered":"http:\/\/www.montendre.se\/?p=880"},"modified":"2013-08-06T18:53:48","modified_gmt":"2013-08-06T16:53:48","slug":"6-augusti-2013","status":"publish","type":"post","link":"https:\/\/www.montendre.se\/?p=880","title":{"rendered":"6 augusti 2013"},"content":{"rendered":"<p>Kyligare idag. Frukost inomhus. Har regnat lite i natt. Knappt 25 grader som mest och molnigt mest hela dagen.<\/p>\n<p>Fixat lite med vink\u00e4llaren, tr\u00e4maskbehandlat vinst\u00e4llshyllorna och satt upp mer frigolit som isolering. Hittade en gammal relik fr\u00e5n tidigare vintillverkning. St\u00e5r n\u00e5got som antyder att det har med avsvavlning att g\u00f6ra (konstigt ord? ta bort svavel allts\u00e5).<\/p>\n<p><a href=\"http:\/\/www.montendre.se\/wp-content\/uploads\/2013\/08\/IMG_2722.jpg\"><img loading=\"lazy\" decoding=\"async\" class=\"aligncenter size-medium wp-image-887\" title=\"IMG_2722\" src=\"http:\/\/www.montendre.se\/wp-content\/uploads\/2013\/08\/IMG_2722-225x300.jpg\" alt=\"\" width=\"225\" height=\"300\" srcset=\"https:\/\/www.montendre.se\/wp-content\/uploads\/2013\/08\/IMG_2722-225x300.jpg 225w, https:\/\/www.montendre.se\/wp-content\/uploads\/2013\/08\/IMG_2722-768x1024.jpg 768w, https:\/\/www.montendre.se\/wp-content\/uploads\/2013\/08\/IMG_2722-700x933.jpg 700w\" sizes=\"(max-width: 225px) 100vw, 225px\" \/><\/a><\/p>\n<p>Hantverkaren som pensionats\u00e4garen k\u00e4nner kom f\u00f6rbi p\u00e5 f\u00f6rmiddagen. Vi pratade om badrummet mest. Tog \u00e4ven upp id\u00e9n att flytta d\u00f6rren ut till balkongen. S\u00e5 h\u00e4r ser det ut nu:<\/p>\n<p><a href=\"http:\/\/www.montendre.se\/wp-content\/uploads\/2013\/08\/Badrum-nuvarande.png\"><img loading=\"lazy\" decoding=\"async\" class=\"aligncenter size-medium wp-image-884\" title=\"Badrum-nuvarande\" src=\"http:\/\/www.montendre.se\/wp-content\/uploads\/2013\/08\/Badrum-nuvarande-300x266.png\" alt=\"\" width=\"300\" height=\"266\" srcset=\"https:\/\/www.montendre.se\/wp-content\/uploads\/2013\/08\/Badrum-nuvarande-300x266.png 300w, https:\/\/www.montendre.se\/wp-content\/uploads\/2013\/08\/Badrum-nuvarande-700x620.png 700w, https:\/\/www.montendre.se\/wp-content\/uploads\/2013\/08\/Badrum-nuvarande.png 716w\" sizes=\"(max-width: 300px) 100vw, 300px\" \/><\/a><\/p>\n<p>Och med flyttad d\u00f6rr:<\/p>\n<p><a href=\"http:\/\/www.montendre.se\/wp-content\/uploads\/2013\/08\/Badrum-f\u00f6rslag.png\"><img loading=\"lazy\" decoding=\"async\" class=\"aligncenter size-medium wp-image-885\" title=\"Badrum-f\u00f6rslag\" src=\"http:\/\/www.montendre.se\/wp-content\/uploads\/2013\/08\/Badrum-f\u00f6rslag-300x265.png\" alt=\"\" width=\"300\" height=\"265\" srcset=\"https:\/\/www.montendre.se\/wp-content\/uploads\/2013\/08\/Badrum-f\u00f6rslag-300x265.png 300w, https:\/\/www.montendre.se\/wp-content\/uploads\/2013\/08\/Badrum-f\u00f6rslag-700x619.png 700w, https:\/\/www.montendre.se\/wp-content\/uploads\/2013\/08\/Badrum-f\u00f6rslag.png 738w\" sizes=\"(max-width: 300px) 100vw, 300px\" \/><\/a><\/p>\n<p>Blir kanske f\u00f6r mycket korridorsk\u00e4nsla ut till balkong? L\u00e4r kr\u00e4va bygglov hur som helst eftersom fasaden \u00e4ndras. Hantverkaren bor h\u00e4r i Montendre, n\u00e5gra hundra meter nerf\u00f6r backen s\u00e5 vi h\u00e4ngde med honom hem sedan f\u00f6r att kolla lite p\u00e5 olika projekt han jobbat med i sitt hus.<\/p>\n<p>P\u00e5 eftermiddagen har jag och L fixat i tr\u00e4dg\u00e5rden, s\u00e5gat s\u00f6nder f\u00e4llt tr\u00e4d och plockat bort lite sm\u00e5 tr\u00e4d och buskar i gr\u00e4smattan. Klippt tujah\u00e4cken igen. Ska kanske hyra stor bil en halvdag i morgon och k\u00f6ra iv\u00e4g en massa skr\u00e4p p\u00e5 en g\u00e5ng. Tar s\u00e5dan tid att packa in allt i s\u00e4ckar, stuva in i liten bil och k\u00f6ra ett par v\u00e4ndor fram och tillbaka till soptippen.<\/p>\n<p><a href=\"http:\/\/www.montendre.se\/wp-content\/uploads\/2013\/08\/IMG_2719.jpg\"><img loading=\"lazy\" decoding=\"async\" class=\"aligncenter size-medium wp-image-888\" title=\"IMG_2719\" src=\"http:\/\/www.montendre.se\/wp-content\/uploads\/2013\/08\/IMG_2719-300x225.jpg\" alt=\"\" width=\"300\" height=\"225\" srcset=\"https:\/\/www.montendre.se\/wp-content\/uploads\/2013\/08\/IMG_2719-300x225.jpg 300w, https:\/\/www.montendre.se\/wp-content\/uploads\/2013\/08\/IMG_2719-1024x768.jpg 1024w, https:\/\/www.montendre.se\/wp-content\/uploads\/2013\/08\/IMG_2719-268x200.jpg 268w, https:\/\/www.montendre.se\/wp-content\/uploads\/2013\/08\/IMG_2719-700x525.jpg 700w\" sizes=\"(max-width: 300px) 100vw, 300px\" \/><\/a><\/p>\n<p>Ja, jag vet att den \u00e4r lite sned men det kan jag justera n\u00e4sta \u00e5r n\u00e4r den har v\u00e4xt till sig lite.<\/p>\n<p>Mycket kvistar blir det.<\/p>\n<p><a href=\"http:\/\/www.montendre.se\/wp-content\/uploads\/2013\/08\/IMG_2721.jpg\"><img loading=\"lazy\" decoding=\"async\" class=\"aligncenter size-medium wp-image-890\" title=\"IMG_2721\" src=\"http:\/\/www.montendre.se\/wp-content\/uploads\/2013\/08\/IMG_2721-300x225.jpg\" alt=\"\" width=\"300\" height=\"225\" srcset=\"https:\/\/www.montendre.se\/wp-content\/uploads\/2013\/08\/IMG_2721-300x225.jpg 300w, https:\/\/www.montendre.se\/wp-content\/uploads\/2013\/08\/IMG_2721-1024x768.jpg 1024w, https:\/\/www.montendre.se\/wp-content\/uploads\/2013\/08\/IMG_2721-268x200.jpg 268w, https:\/\/www.montendre.se\/wp-content\/uploads\/2013\/08\/IMG_2721-700x525.jpg 700w\" sizes=\"(max-width: 300px) 100vw, 300px\" \/><\/a><\/p>\n<p>L har frigjort urnan i tr\u00e4dg\u00e5rden ocks\u00e5.<\/p>\n<p><a href=\"http:\/\/www.montendre.se\/wp-content\/uploads\/2013\/08\/IMG_2723.jpg\"><img loading=\"lazy\" decoding=\"async\" class=\"aligncenter size-medium wp-image-898\" title=\"IMG_2723\" src=\"http:\/\/www.montendre.se\/wp-content\/uploads\/2013\/08\/IMG_2723-300x225.jpg\" alt=\"\" width=\"300\" height=\"225\" srcset=\"https:\/\/www.montendre.se\/wp-content\/uploads\/2013\/08\/IMG_2723-300x225.jpg 300w, https:\/\/www.montendre.se\/wp-content\/uploads\/2013\/08\/IMG_2723-1024x768.jpg 1024w, https:\/\/www.montendre.se\/wp-content\/uploads\/2013\/08\/IMG_2723-268x200.jpg 268w, https:\/\/www.montendre.se\/wp-content\/uploads\/2013\/08\/IMG_2723-700x525.jpg 700w\" sizes=\"(max-width: 300px) 100vw, 300px\" \/><\/a>Ska till Jonzac i kv\u00e4ll och k\u00e4ka p\u00e5 Comptoir du March\u00e9.<\/p>\n","protected":false},"excerpt":{"rendered":"<p>Kyligare idag. Frukost inomhus. Har regnat lite i natt. Knappt 25 grader som mest och molnigt mest hela dagen. Fixat lite med vink\u00e4llaren, tr\u00e4maskbehandlat vinst\u00e4llshyllorna och satt upp mer frigolit som isolering. Hittade en gammal relik fr\u00e5n tidigare vintillverkning. St\u00e5r n\u00e5got som antyder att det har med avsvavlning att g\u00f6ra &#8230;<\/p>\n","protected":false},"author":1,"featured_media":0,"comment_status":"open","ping_status":"open","sticky":false,"template":"","format":"standard","meta":{"jetpack_post_was_ever_published":false,"_jetpack_newsletter_access":"","_jetpack_dont_email_post_to_subs":false,"_jetpack_newsletter_tier_id":0,"footnotes":""},"categories":[11],"tags":[],"jetpack_sharing_enabled":true,"jetpack_featured_media_url":"","_links":{"self":[{"href":"https:\/\/www.montendre.se\/index.php?rest_route=\/wp\/v2\/posts\/880"}],"collection":[{"href":"https:\/\/www.montendre.se\/index.php?rest_route=\/wp\/v2\/posts"}],"about":[{"href":"https:\/\/www.montendre.se\/index.php?rest_route=\/wp\/v2\/types\/post"}],"author":[{"embeddable":true,"href":"https:\/\/www.montendre.se\/index.php?rest_route=\/wp\/v2\/users\/1"}],"replies":[{"embeddable":true,"href":"https:\/\/www.montendre.se\/index.php?rest_route=%2Fwp%2Fv2%2Fcomments&post=880"}],"version-history":[{"count":11,"href":"https:\/\/www.montendre.se\/index.php?rest_route=\/wp\/v2\/posts\/880\/revisions"}],"predecessor-version":[{"id":897,"href":"https:\/\/www.montendre.se\/index.php?rest_route=\/wp\/v2\/posts\/880\/revisions\/897"}],"wp:attachment":[{"href":"https:\/\/www.montendre.se\/index.php?rest_route=%2Fwp%2Fv2%2Fmedia&parent=880"}],"wp:term":[{"taxonomy":"category","embeddable":true,"href":"https:\/\/www.montendre.se\/index.php?rest_route=%2Fwp%2Fv2%2Fcategories&post=880"},{"taxonomy":"post_tag","embeddable":true,"href":"https:\/\/www.montendre.se\/index.php?rest_route=%2Fwp%2Fv2%2Ftags&post=880"}],"curies":[{"name":"wp","href":"https:\/\/api.w.org\/{rel}","templated":true}]}}