{"id":858,"date":"2013-08-05T08:34:21","date_gmt":"2013-08-05T06:34:21","guid":{"rendered":"http:\/\/www.montendre.se\/?p=858"},"modified":"2013-08-05T08:34:21","modified_gmt":"2013-08-05T06:34:21","slug":"4-augusti-2013","status":"publish","type":"post","link":"https:\/\/www.montendre.se\/?p=858","title":{"rendered":"4 augusti 2013"},"content":{"rendered":"<p>Lite molnigt p\u00e5 morgonen men sedan klart upp mot 30 grader p\u00e5 dagen, bara 18 i morse.<\/p>\n<p>\u00c5kte iv\u00e4g till en loppmarknad i Saint-Fort sur Gironde d\u00e4r det var kombinerad loppmarknad\/fest.<\/p>\n<p><a href=\"http:\/\/www.montendre.se\/wp-content\/uploads\/2013\/08\/IMG_2706.jpg\"><img loading=\"lazy\" decoding=\"async\" class=\"aligncenter size-medium wp-image-860\" title=\"IMG_2706\" src=\"http:\/\/www.montendre.se\/wp-content\/uploads\/2013\/08\/IMG_2706-300x225.jpg\" alt=\"\" width=\"300\" height=\"225\" srcset=\"https:\/\/www.montendre.se\/wp-content\/uploads\/2013\/08\/IMG_2706-300x225.jpg 300w, https:\/\/www.montendre.se\/wp-content\/uploads\/2013\/08\/IMG_2706-1024x768.jpg 1024w, https:\/\/www.montendre.se\/wp-content\/uploads\/2013\/08\/IMG_2706-268x200.jpg 268w, https:\/\/www.montendre.se\/wp-content\/uploads\/2013\/08\/IMG_2706-700x525.jpg 700w\" sizes=\"(max-width: 300px) 100vw, 300px\" \/><\/a><\/p>\n<p>Sedan lunch i Mortagne och s\u00e5 en loppmarknad till i Champagnac.<\/p>\n<p>Lite fynd fr\u00e5n ig\u00e5r och idag:<\/p>\n<p><a href=\"http:\/\/www.montendre.se\/wp-content\/uploads\/2013\/08\/IMG_2710.jpg\"><img loading=\"lazy\" decoding=\"async\" class=\"aligncenter size-medium wp-image-861\" title=\"IMG_2710\" src=\"http:\/\/www.montendre.se\/wp-content\/uploads\/2013\/08\/IMG_2710-225x300.jpg\" alt=\"\" width=\"225\" height=\"300\" srcset=\"https:\/\/www.montendre.se\/wp-content\/uploads\/2013\/08\/IMG_2710-225x300.jpg 225w, https:\/\/www.montendre.se\/wp-content\/uploads\/2013\/08\/IMG_2710-768x1024.jpg 768w, https:\/\/www.montendre.se\/wp-content\/uploads\/2013\/08\/IMG_2710-700x933.jpg 700w\" sizes=\"(max-width: 225px) 100vw, 225px\" \/><\/a>\u00a0Bord f\u00f6r 20 \u20ac.<\/p>\n<p><a href=\"http:\/\/www.montendre.se\/wp-content\/uploads\/2013\/08\/IMG_2711.jpg\"><img loading=\"lazy\" decoding=\"async\" class=\"aligncenter size-medium wp-image-862\" title=\"IMG_2711\" src=\"http:\/\/www.montendre.se\/wp-content\/uploads\/2013\/08\/IMG_2711-225x300.jpg\" alt=\"\" width=\"225\" height=\"300\" srcset=\"https:\/\/www.montendre.se\/wp-content\/uploads\/2013\/08\/IMG_2711-225x300.jpg 225w, https:\/\/www.montendre.se\/wp-content\/uploads\/2013\/08\/IMG_2711-768x1024.jpg 768w, https:\/\/www.montendre.se\/wp-content\/uploads\/2013\/08\/IMG_2711-700x933.jpg 700w\" sizes=\"(max-width: 225px) 100vw, 225px\" \/><\/a><a href=\"http:\/\/www.montendre.se\/wp-content\/uploads\/2013\/08\/IMG_2712.jpg\"><img loading=\"lazy\" decoding=\"async\" class=\"aligncenter size-medium wp-image-863\" title=\"IMG_2712\" src=\"http:\/\/www.montendre.se\/wp-content\/uploads\/2013\/08\/IMG_2712-225x300.jpg\" alt=\"\" width=\"225\" height=\"300\" srcset=\"https:\/\/www.montendre.se\/wp-content\/uploads\/2013\/08\/IMG_2712-225x300.jpg 225w, https:\/\/www.montendre.se\/wp-content\/uploads\/2013\/08\/IMG_2712-768x1024.jpg 768w, https:\/\/www.montendre.se\/wp-content\/uploads\/2013\/08\/IMG_2712-700x933.jpg 700w\" sizes=\"(max-width: 225px) 100vw, 225px\" \/><\/a><a href=\"http:\/\/www.montendre.se\/wp-content\/uploads\/2013\/08\/IMG_2715.jpg\"><img loading=\"lazy\" decoding=\"async\" class=\"aligncenter size-medium wp-image-864\" title=\"IMG_2715\" src=\"http:\/\/www.montendre.se\/wp-content\/uploads\/2013\/08\/IMG_2715-225x300.jpg\" alt=\"\" width=\"225\" height=\"300\" srcset=\"https:\/\/www.montendre.se\/wp-content\/uploads\/2013\/08\/IMG_2715-225x300.jpg 225w, https:\/\/www.montendre.se\/wp-content\/uploads\/2013\/08\/IMG_2715-768x1024.jpg 768w, https:\/\/www.montendre.se\/wp-content\/uploads\/2013\/08\/IMG_2715-700x933.jpg 700w\" sizes=\"(max-width: 225px) 100vw, 225px\" \/><\/a>Tv\u00e5 tavlor och en spegel.<\/p>\n<p>Ytterd\u00f6rren har f\u00e5tt latex i alla nya fogar och \u00e4r grundm\u00e5lad. Toppen ska ocks\u00e5 grundm\u00e5las lite senare.<\/p>\n<p><a href=\"http:\/\/www.montendre.se\/wp-content\/uploads\/2013\/08\/IMG_2705.jpg\"><img loading=\"lazy\" decoding=\"async\" class=\"aligncenter size-medium wp-image-865\" title=\"IMG_2705\" src=\"http:\/\/www.montendre.se\/wp-content\/uploads\/2013\/08\/IMG_2705-225x300.jpg\" alt=\"\" width=\"225\" height=\"300\" srcset=\"https:\/\/www.montendre.se\/wp-content\/uploads\/2013\/08\/IMG_2705-225x300.jpg 225w, https:\/\/www.montendre.se\/wp-content\/uploads\/2013\/08\/IMG_2705-768x1024.jpg 768w, https:\/\/www.montendre.se\/wp-content\/uploads\/2013\/08\/IMG_2705-700x933.jpg 700w\" sizes=\"(max-width: 225px) 100vw, 225px\" \/><\/a><\/p>\n<p>Sovrumsf\u00f6nstret \u00e4r f\u00e4rdigspacklat och har f\u00e5tt ett lager olja. Ska kittas i morgon.<\/p>\n<p>Gurkorna i landet v\u00e4xer sig stora.<\/p>\n<p><a href=\"http:\/\/www.montendre.se\/wp-content\/uploads\/2013\/08\/IMG_2716.jpg\"><img loading=\"lazy\" decoding=\"async\" class=\"aligncenter size-medium wp-image-869\" title=\"IMG_2716\" src=\"http:\/\/www.montendre.se\/wp-content\/uploads\/2013\/08\/IMG_2716-300x225.jpg\" alt=\"\" width=\"300\" height=\"225\" srcset=\"https:\/\/www.montendre.se\/wp-content\/uploads\/2013\/08\/IMG_2716-300x225.jpg 300w, https:\/\/www.montendre.se\/wp-content\/uploads\/2013\/08\/IMG_2716-1024x768.jpg 1024w, https:\/\/www.montendre.se\/wp-content\/uploads\/2013\/08\/IMG_2716-268x200.jpg 268w, https:\/\/www.montendre.se\/wp-content\/uploads\/2013\/08\/IMG_2716-700x525.jpg 700w\" sizes=\"(max-width: 300px) 100vw, 300px\" \/><\/a><\/p>\n","protected":false},"excerpt":{"rendered":"<p>Lite molnigt p\u00e5 morgonen men sedan klart upp mot 30 grader p\u00e5 dagen, bara 18 i morse. \u00c5kte iv\u00e4g till en loppmarknad i Saint-Fort sur Gironde d\u00e4r det var kombinerad loppmarknad\/fest. Sedan lunch i Mortagne och s\u00e5 en loppmarknad till i Champagnac. Lite fynd fr\u00e5n ig\u00e5r och idag: \u00a0Bord f\u00f6r &#8230;<\/p>\n","protected":false},"author":1,"featured_media":0,"comment_status":"open","ping_status":"open","sticky":false,"template":"","format":"standard","meta":{"jetpack_post_was_ever_published":false,"_jetpack_newsletter_access":"","_jetpack_dont_email_post_to_subs":false,"_jetpack_newsletter_tier_id":0,"footnotes":""},"categories":[11],"tags":[],"jetpack_sharing_enabled":true,"jetpack_featured_media_url":"","_links":{"self":[{"href":"https:\/\/www.montendre.se\/index.php?rest_route=\/wp\/v2\/posts\/858"}],"collection":[{"href":"https:\/\/www.montendre.se\/index.php?rest_route=\/wp\/v2\/posts"}],"about":[{"href":"https:\/\/www.montendre.se\/index.php?rest_route=\/wp\/v2\/types\/post"}],"author":[{"embeddable":true,"href":"https:\/\/www.montendre.se\/index.php?rest_route=\/wp\/v2\/users\/1"}],"replies":[{"embeddable":true,"href":"https:\/\/www.montendre.se\/index.php?rest_route=%2Fwp%2Fv2%2Fcomments&post=858"}],"version-history":[{"count":5,"href":"https:\/\/www.montendre.se\/index.php?rest_route=\/wp\/v2\/posts\/858\/revisions"}],"predecessor-version":[{"id":871,"href":"https:\/\/www.montendre.se\/index.php?rest_route=\/wp\/v2\/posts\/858\/revisions\/871"}],"wp:attachment":[{"href":"https:\/\/www.montendre.se\/index.php?rest_route=%2Fwp%2Fv2%2Fmedia&parent=858"}],"wp:term":[{"taxonomy":"category","embeddable":true,"href":"https:\/\/www.montendre.se\/index.php?rest_route=%2Fwp%2Fv2%2Fcategories&post=858"},{"taxonomy":"post_tag","embeddable":true,"href":"https:\/\/www.montendre.se\/index.php?rest_route=%2Fwp%2Fv2%2Ftags&post=858"}],"curies":[{"name":"wp","href":"https:\/\/api.w.org\/{rel}","templated":true}]}}