{"id":839,"date":"2013-08-02T08:47:10","date_gmt":"2013-08-02T06:47:10","guid":{"rendered":"http:\/\/www.montendre.se\/?p=839"},"modified":"2013-08-02T08:47:10","modified_gmt":"2013-08-02T06:47:10","slug":"1-augusti-2013","status":"publish","type":"post","link":"https:\/\/www.montendre.se\/?p=839","title":{"rendered":"1 augusti 2013"},"content":{"rendered":"<p>Sol och v\u00e4rmerekord f\u00f6r \u00e5ret idag, 37.2 grader. Rej\u00e4lt svettigt. Har inte h\u00e4nt s\u00e5 mycket idag. Alla verkar lite avslagna. Gick p\u00e5 marknaden och handlade musslor, r\u00e4kor mm till kv\u00e4llens middag.<\/p>\n<p>Rev ner lite av skjulet bredvid linden f\u00f6r att \u00f6ppna upp lite.<\/p>\n<p>F\u00f6re:<\/p>\n<p><a href=\"http:\/\/www.montendre.se\/wp-content\/uploads\/2013\/08\/IMG_2698.jpg\"><img loading=\"lazy\" decoding=\"async\" class=\"aligncenter size-medium wp-image-841\" title=\"IMG_2698\" src=\"http:\/\/www.montendre.se\/wp-content\/uploads\/2013\/08\/IMG_2698-300x225.jpg\" alt=\"\" width=\"300\" height=\"225\" srcset=\"https:\/\/www.montendre.se\/wp-content\/uploads\/2013\/08\/IMG_2698-300x225.jpg 300w, https:\/\/www.montendre.se\/wp-content\/uploads\/2013\/08\/IMG_2698-1024x768.jpg 1024w, https:\/\/www.montendre.se\/wp-content\/uploads\/2013\/08\/IMG_2698-268x200.jpg 268w, https:\/\/www.montendre.se\/wp-content\/uploads\/2013\/08\/IMG_2698-700x525.jpg 700w\" sizes=\"(max-width: 300px) 100vw, 300px\" \/><\/a><\/p>\n<p>Efter:<\/p>\n<p><a href=\"http:\/\/www.montendre.se\/wp-content\/uploads\/2013\/08\/IMG_2701.jpg\"><img loading=\"lazy\" decoding=\"async\" class=\"aligncenter size-medium wp-image-842\" title=\"IMG_2701\" src=\"http:\/\/www.montendre.se\/wp-content\/uploads\/2013\/08\/IMG_2701-300x225.jpg\" alt=\"\" width=\"300\" height=\"225\" srcset=\"https:\/\/www.montendre.se\/wp-content\/uploads\/2013\/08\/IMG_2701-300x225.jpg 300w, https:\/\/www.montendre.se\/wp-content\/uploads\/2013\/08\/IMG_2701-1024x768.jpg 1024w, https:\/\/www.montendre.se\/wp-content\/uploads\/2013\/08\/IMG_2701-268x200.jpg 268w, https:\/\/www.montendre.se\/wp-content\/uploads\/2013\/08\/IMG_2701-700x525.jpg 700w\" sizes=\"(max-width: 300px) 100vw, 300px\" \/><\/a><\/p>\n","protected":false},"excerpt":{"rendered":"<p>Sol och v\u00e4rmerekord f\u00f6r \u00e5ret idag, 37.2 grader. Rej\u00e4lt svettigt. Har inte h\u00e4nt s\u00e5 mycket idag. Alla verkar lite avslagna. Gick p\u00e5 marknaden och handlade musslor, r\u00e4kor mm till kv\u00e4llens middag. Rev ner lite av skjulet bredvid linden f\u00f6r att \u00f6ppna upp lite. F\u00f6re: Efter:<\/p>\n","protected":false},"author":1,"featured_media":0,"comment_status":"open","ping_status":"open","sticky":false,"template":"","format":"standard","meta":{"jetpack_post_was_ever_published":false,"_jetpack_newsletter_access":"","_jetpack_dont_email_post_to_subs":false,"_jetpack_newsletter_tier_id":0,"footnotes":""},"categories":[11],"tags":[],"jetpack_sharing_enabled":true,"jetpack_featured_media_url":"","_links":{"self":[{"href":"https:\/\/www.montendre.se\/index.php?rest_route=\/wp\/v2\/posts\/839"}],"collection":[{"href":"https:\/\/www.montendre.se\/index.php?rest_route=\/wp\/v2\/posts"}],"about":[{"href":"https:\/\/www.montendre.se\/index.php?rest_route=\/wp\/v2\/types\/post"}],"author":[{"embeddable":true,"href":"https:\/\/www.montendre.se\/index.php?rest_route=\/wp\/v2\/users\/1"}],"replies":[{"embeddable":true,"href":"https:\/\/www.montendre.se\/index.php?rest_route=%2Fwp%2Fv2%2Fcomments&post=839"}],"version-history":[{"count":4,"href":"https:\/\/www.montendre.se\/index.php?rest_route=\/wp\/v2\/posts\/839\/revisions"}],"predecessor-version":[{"id":845,"href":"https:\/\/www.montendre.se\/index.php?rest_route=\/wp\/v2\/posts\/839\/revisions\/845"}],"wp:attachment":[{"href":"https:\/\/www.montendre.se\/index.php?rest_route=%2Fwp%2Fv2%2Fmedia&parent=839"}],"wp:term":[{"taxonomy":"category","embeddable":true,"href":"https:\/\/www.montendre.se\/index.php?rest_route=%2Fwp%2Fv2%2Fcategories&post=839"},{"taxonomy":"post_tag","embeddable":true,"href":"https:\/\/www.montendre.se\/index.php?rest_route=%2Fwp%2Fv2%2Ftags&post=839"}],"curies":[{"name":"wp","href":"https:\/\/api.w.org\/{rel}","templated":true}]}}