{"id":797,"date":"2013-07-28T18:25:28","date_gmt":"2013-07-28T16:25:28","guid":{"rendered":"http:\/\/www.montendre.se\/?p=797"},"modified":"2013-07-30T08:44:45","modified_gmt":"2013-07-30T06:44:45","slug":"28-juli-2013","status":"publish","type":"post","link":"https:\/\/www.montendre.se\/?p=797","title":{"rendered":"28 juli 2013"},"content":{"rendered":"<p>Soligt med lite moln ibland och lagom varmt idag, runt 25 grader. Fl\u00e4ktar lite ibland ocks\u00e5 s\u00e5 det svalkar lite.<\/p>\n<p>\u00c5kte iv\u00e4g till Rouffignac p\u00e5 f\u00f6rmiddagen d\u00e4r det var loppmarknad. K\u00f6pte ett litet s\u00e4ngbord f\u00f6r 8\u20ac.<\/p>\n<p><a href=\"http:\/\/www.montendre.se\/wp-content\/uploads\/2013\/07\/IMG_2652.jpg\"><img loading=\"lazy\" decoding=\"async\" class=\"aligncenter size-medium wp-image-798\" title=\"IMG_2652\" src=\"http:\/\/www.montendre.se\/wp-content\/uploads\/2013\/07\/IMG_2652-225x300.jpg\" alt=\"\" width=\"225\" height=\"300\" srcset=\"https:\/\/www.montendre.se\/wp-content\/uploads\/2013\/07\/IMG_2652-225x300.jpg 225w, https:\/\/www.montendre.se\/wp-content\/uploads\/2013\/07\/IMG_2652-768x1024.jpg 768w, https:\/\/www.montendre.se\/wp-content\/uploads\/2013\/07\/IMG_2652-700x933.jpg 700w\" sizes=\"(max-width: 225px) 100vw, 225px\" \/><\/a><\/p>\n<p>Sedan \u00e5kte vi iv\u00e4g p\u00e5 lunch till Mortagne. K\u00e4kade p\u00e5 Caf\u00e9 de la Rive. Var mycket folk i byn f\u00f6r de k\u00f6rde n\u00e5got slags l\u00e5dbilsrally d\u00e4r.<\/p>\n<p><a href=\"http:\/\/www.montendre.se\/wp-content\/uploads\/2013\/07\/IMG_2648.jpg\"><img loading=\"lazy\" decoding=\"async\" class=\"aligncenter size-medium wp-image-799\" title=\"IMG_2648\" src=\"http:\/\/www.montendre.se\/wp-content\/uploads\/2013\/07\/IMG_2648-225x300.jpg\" alt=\"\" width=\"225\" height=\"300\" srcset=\"https:\/\/www.montendre.se\/wp-content\/uploads\/2013\/07\/IMG_2648-225x300.jpg 225w, https:\/\/www.montendre.se\/wp-content\/uploads\/2013\/07\/IMG_2648-768x1024.jpg 768w, https:\/\/www.montendre.se\/wp-content\/uploads\/2013\/07\/IMG_2648-700x933.jpg 700w\" sizes=\"(max-width: 225px) 100vw, 225px\" \/><\/a><\/p>\n<p>Sedan hem och fixade med f\u00f6nsterluckan.<\/p>\n<p><a href=\"http:\/\/www.montendre.se\/wp-content\/uploads\/2013\/07\/IMG_2650.jpg\"><img loading=\"lazy\" decoding=\"async\" class=\"aligncenter size-medium wp-image-800\" title=\"IMG_2650\" src=\"http:\/\/www.montendre.se\/wp-content\/uploads\/2013\/07\/IMG_2650-225x300.jpg\" alt=\"\" width=\"225\" height=\"300\" srcset=\"https:\/\/www.montendre.se\/wp-content\/uploads\/2013\/07\/IMG_2650-225x300.jpg 225w, https:\/\/www.montendre.se\/wp-content\/uploads\/2013\/07\/IMG_2650-768x1024.jpg 768w, https:\/\/www.montendre.se\/wp-content\/uploads\/2013\/07\/IMG_2650-700x933.jpg 700w\" sizes=\"(max-width: 225px) 100vw, 225px\" \/><\/a><\/p>\n<p>Avslutade med att s\u00e4tta p\u00e5 \u00f6verdelen. I morgon \u00e4r det v\u00e4l dags f\u00f6r att s\u00e4tta dit j\u00e4rnen och g\u00e5ngj\u00e4rnen och testa h\u00e4nga upp.<\/p>\n<p><a href=\"http:\/\/www.montendre.se\/wp-content\/uploads\/2013\/07\/IMG_2651.jpg\"><img loading=\"lazy\" decoding=\"async\" class=\"aligncenter size-medium wp-image-801\" title=\"IMG_2651\" src=\"http:\/\/www.montendre.se\/wp-content\/uploads\/2013\/07\/IMG_2651-300x225.jpg\" alt=\"\" width=\"300\" height=\"225\" srcset=\"https:\/\/www.montendre.se\/wp-content\/uploads\/2013\/07\/IMG_2651-300x225.jpg 300w, https:\/\/www.montendre.se\/wp-content\/uploads\/2013\/07\/IMG_2651-1024x768.jpg 1024w, https:\/\/www.montendre.se\/wp-content\/uploads\/2013\/07\/IMG_2651-268x200.jpg 268w, https:\/\/www.montendre.se\/wp-content\/uploads\/2013\/07\/IMG_2651-700x525.jpg 700w\" sizes=\"(max-width: 300px) 100vw, 300px\" \/><\/a><\/p>\n<p>Jag har sprayat golvet i hallen uppe mot tr\u00e4mask och testat med att isolera k\u00e4llaren lite med frigolit i ett av f\u00f6nstrena.<\/p>\n","protected":false},"excerpt":{"rendered":"<p>Soligt med lite moln ibland och lagom varmt idag, runt 25 grader. Fl\u00e4ktar lite ibland ocks\u00e5 s\u00e5 det svalkar lite. \u00c5kte iv\u00e4g till Rouffignac p\u00e5 f\u00f6rmiddagen d\u00e4r det var loppmarknad. K\u00f6pte ett litet s\u00e4ngbord f\u00f6r 8\u20ac. Sedan \u00e5kte vi iv\u00e4g p\u00e5 lunch till Mortagne. K\u00e4kade p\u00e5 Caf\u00e9 de la Rive. &#8230;<\/p>\n","protected":false},"author":1,"featured_media":0,"comment_status":"open","ping_status":"open","sticky":false,"template":"","format":"standard","meta":{"jetpack_post_was_ever_published":false,"_jetpack_newsletter_access":"","_jetpack_dont_email_post_to_subs":false,"_jetpack_newsletter_tier_id":0,"footnotes":""},"categories":[11],"tags":[],"jetpack_sharing_enabled":true,"jetpack_featured_media_url":"","_links":{"self":[{"href":"https:\/\/www.montendre.se\/index.php?rest_route=\/wp\/v2\/posts\/797"}],"collection":[{"href":"https:\/\/www.montendre.se\/index.php?rest_route=\/wp\/v2\/posts"}],"about":[{"href":"https:\/\/www.montendre.se\/index.php?rest_route=\/wp\/v2\/types\/post"}],"author":[{"embeddable":true,"href":"https:\/\/www.montendre.se\/index.php?rest_route=\/wp\/v2\/users\/1"}],"replies":[{"embeddable":true,"href":"https:\/\/www.montendre.se\/index.php?rest_route=%2Fwp%2Fv2%2Fcomments&post=797"}],"version-history":[{"count":5,"href":"https:\/\/www.montendre.se\/index.php?rest_route=\/wp\/v2\/posts\/797\/revisions"}],"predecessor-version":[{"id":806,"href":"https:\/\/www.montendre.se\/index.php?rest_route=\/wp\/v2\/posts\/797\/revisions\/806"}],"wp:attachment":[{"href":"https:\/\/www.montendre.se\/index.php?rest_route=%2Fwp%2Fv2%2Fmedia&parent=797"}],"wp:term":[{"taxonomy":"category","embeddable":true,"href":"https:\/\/www.montendre.se\/index.php?rest_route=%2Fwp%2Fv2%2Fcategories&post=797"},{"taxonomy":"post_tag","embeddable":true,"href":"https:\/\/www.montendre.se\/index.php?rest_route=%2Fwp%2Fv2%2Ftags&post=797"}],"curies":[{"name":"wp","href":"https:\/\/api.w.org\/{rel}","templated":true}]}}