{"id":779,"date":"2013-07-27T09:09:06","date_gmt":"2013-07-27T07:09:06","guid":{"rendered":"http:\/\/www.montendre.se\/?p=779"},"modified":"2013-07-27T09:09:22","modified_gmt":"2013-07-27T07:09:22","slug":"26-juli-2013","status":"publish","type":"post","link":"https:\/\/www.montendre.se\/?p=779","title":{"rendered":"26 juli 2013"},"content":{"rendered":"<p>Kom fram vid femtiden p\u00e5 eftermiddagen, lite senare \u00e4n ber\u00e4knat p.g.a. strul med bagage i Toulouse och det tog l\u00e5ng tid att h\u00e4mta ut bilen och r\u00e4tt mycket k\u00f6er n\u00e4r vi passerade Bordeaux.<\/p>\n<p>Runt 35 grader n\u00e4r vi landade i Toulouse, och runt 32 n\u00e4r vi kom fram till Montendre.<\/p>\n<p>Natten innan hade det varit ov\u00e4der och skyfall s\u00e5 det var r\u00e4tt gr\u00f6nt och fr\u00e4scht i tr\u00e4dg\u00e5rden. Nu har det kommit fikon (vilka inte syntes alls i slutet av juni) och det v\u00e4xer hyfsat i gr\u00f6nsakslandet, men inga r\u00f6da tomater \u00e4n s\u00e5 l\u00e4nge.<\/p>\n<p><a href=\"http:\/\/www.montendre.se\/wp-content\/uploads\/2013\/07\/IMG_2637.jpg\"><img loading=\"lazy\" decoding=\"async\" class=\"aligncenter size-medium wp-image-781\" title=\"IMG_2637\" src=\"http:\/\/www.montendre.se\/wp-content\/uploads\/2013\/07\/IMG_2637-225x300.jpg\" alt=\"\" width=\"225\" height=\"300\" srcset=\"https:\/\/www.montendre.se\/wp-content\/uploads\/2013\/07\/IMG_2637-225x300.jpg 225w, https:\/\/www.montendre.se\/wp-content\/uploads\/2013\/07\/IMG_2637-768x1024.jpg 768w, https:\/\/www.montendre.se\/wp-content\/uploads\/2013\/07\/IMG_2637-700x933.jpg 700w\" sizes=\"(max-width: 225px) 100vw, 225px\" \/><\/a><\/p>\n<p>Valn\u00f6tstr\u00e4det k\u00e4mpar p\u00e5.<\/p>\n<p><a href=\"http:\/\/www.montendre.se\/wp-content\/uploads\/2013\/07\/IMG_2638.jpg\"><img loading=\"lazy\" decoding=\"async\" class=\"aligncenter size-medium wp-image-782\" title=\"IMG_2638\" src=\"http:\/\/www.montendre.se\/wp-content\/uploads\/2013\/07\/IMG_2638-225x300.jpg\" alt=\"\" width=\"225\" height=\"300\" srcset=\"https:\/\/www.montendre.se\/wp-content\/uploads\/2013\/07\/IMG_2638-225x300.jpg 225w, https:\/\/www.montendre.se\/wp-content\/uploads\/2013\/07\/IMG_2638-768x1024.jpg 768w, https:\/\/www.montendre.se\/wp-content\/uploads\/2013\/07\/IMG_2638-700x933.jpg 700w\" sizes=\"(max-width: 225px) 100vw, 225px\" \/><\/a><\/p>\n<p>Och lite gurkor.<\/p>\n<p><a href=\"http:\/\/www.montendre.se\/wp-content\/uploads\/2013\/07\/IMG_2639.jpg\"><img loading=\"lazy\" decoding=\"async\" class=\"aligncenter size-medium wp-image-783\" title=\"IMG_2639\" src=\"http:\/\/www.montendre.se\/wp-content\/uploads\/2013\/07\/IMG_2639-225x300.jpg\" alt=\"\" width=\"225\" height=\"300\" srcset=\"https:\/\/www.montendre.se\/wp-content\/uploads\/2013\/07\/IMG_2639-225x300.jpg 225w, https:\/\/www.montendre.se\/wp-content\/uploads\/2013\/07\/IMG_2639-768x1024.jpg 768w, https:\/\/www.montendre.se\/wp-content\/uploads\/2013\/07\/IMG_2639-700x933.jpg 700w\" sizes=\"(max-width: 225px) 100vw, 225px\" \/><\/a><\/p>\n<p>Jag \u00e5kte och h\u00e4mtade Anders och Pelle vid stationen vid halv nio. Varmt och svettigt. Sedan satt vi ute fram\u00e5t tolv d\u00e5 ov\u00e4dret drog ig\u00e5ng igen.<\/p>\n","protected":false},"excerpt":{"rendered":"<p>Kom fram vid femtiden p\u00e5 eftermiddagen, lite senare \u00e4n ber\u00e4knat p.g.a. strul med bagage i Toulouse och det tog l\u00e5ng tid att h\u00e4mta ut bilen och r\u00e4tt mycket k\u00f6er n\u00e4r vi passerade Bordeaux. Runt 35 grader n\u00e4r vi landade i Toulouse, och runt 32 n\u00e4r vi kom fram till Montendre. &#8230;<\/p>\n","protected":false},"author":1,"featured_media":0,"comment_status":"open","ping_status":"open","sticky":false,"template":"","format":"standard","meta":{"jetpack_post_was_ever_published":false,"_jetpack_newsletter_access":"","_jetpack_dont_email_post_to_subs":false,"_jetpack_newsletter_tier_id":0,"footnotes":""},"categories":[11],"tags":[],"jetpack_sharing_enabled":true,"jetpack_featured_media_url":"","_links":{"self":[{"href":"https:\/\/www.montendre.se\/index.php?rest_route=\/wp\/v2\/posts\/779"}],"collection":[{"href":"https:\/\/www.montendre.se\/index.php?rest_route=\/wp\/v2\/posts"}],"about":[{"href":"https:\/\/www.montendre.se\/index.php?rest_route=\/wp\/v2\/types\/post"}],"author":[{"embeddable":true,"href":"https:\/\/www.montendre.se\/index.php?rest_route=\/wp\/v2\/users\/1"}],"replies":[{"embeddable":true,"href":"https:\/\/www.montendre.se\/index.php?rest_route=%2Fwp%2Fv2%2Fcomments&post=779"}],"version-history":[{"count":3,"href":"https:\/\/www.montendre.se\/index.php?rest_route=\/wp\/v2\/posts\/779\/revisions"}],"predecessor-version":[{"id":785,"href":"https:\/\/www.montendre.se\/index.php?rest_route=\/wp\/v2\/posts\/779\/revisions\/785"}],"wp:attachment":[{"href":"https:\/\/www.montendre.se\/index.php?rest_route=%2Fwp%2Fv2%2Fmedia&parent=779"}],"wp:term":[{"taxonomy":"category","embeddable":true,"href":"https:\/\/www.montendre.se\/index.php?rest_route=%2Fwp%2Fv2%2Fcategories&post=779"},{"taxonomy":"post_tag","embeddable":true,"href":"https:\/\/www.montendre.se\/index.php?rest_route=%2Fwp%2Fv2%2Ftags&post=779"}],"curies":[{"name":"wp","href":"https:\/\/api.w.org\/{rel}","templated":true}]}}