{"id":773,"date":"2011-07-20T16:14:00","date_gmt":"2011-07-20T14:14:00","guid":{"rendered":"http:\/\/www.montendre.se\/?p=773"},"modified":"2013-07-25T20:16:58","modified_gmt":"2013-07-25T18:16:58","slug":"20-juli-2011-2","status":"publish","type":"post","link":"https:\/\/www.montendre.se\/?p=773","title":{"rendered":"20 juli 2011"},"content":{"rendered":"<p><a href=\"http:\/\/www.montendre.se\/wp-content\/uploads\/2011\/07\/IMG_1260.jpg\"><img loading=\"lazy\" decoding=\"async\" class=\"aligncenter size-medium wp-image-777\" title=\"IMG_1260\" src=\"http:\/\/www.montendre.se\/wp-content\/uploads\/2011\/07\/IMG_1260-300x224.jpg\" alt=\"\" width=\"300\" height=\"224\" srcset=\"https:\/\/www.montendre.se\/wp-content\/uploads\/2011\/07\/IMG_1260-300x224.jpg 300w, https:\/\/www.montendre.se\/wp-content\/uploads\/2011\/07\/IMG_1260-1024x764.jpg 1024w, https:\/\/www.montendre.se\/wp-content\/uploads\/2011\/07\/IMG_1260-268x200.jpg 268w, https:\/\/www.montendre.se\/wp-content\/uploads\/2011\/07\/IMG_1260-700x522.jpg 700w\" sizes=\"(max-width: 300px) 100vw, 300px\" \/><\/a>Under sommaren blev f\u00f6ljande gjort:<\/p>\n<ul>\n<li>K\u00f6pt parasoll till utebordet.<\/li>\n<li>K\u00f6pt gr\u00e4sklippare.<\/li>\n<li>K\u00f6pt diskmaskin.<\/li>\n<li>K\u00f6pt matbord.<\/li>\n<li>Fick gas installerat.<\/li>\n<li>Rivit gamla diskb\u00e4nken och satt in ny.<\/li>\n<li>M\u00e5lat de flesta v\u00e4ggar i k\u00f6ket vita.<\/li>\n<li>S\u00e5gat till b\u00e4nkskivan till v\u00e4nster om spisen.<\/li>\n<li>Rivit halva taket och inglasning utanf\u00f6r k\u00f6k\/hall.<\/li>\n<li>Lagade och m\u00e5lade vindsf\u00f6nstret.<\/li>\n<li>M\u00e5lat ett inbyggt sk\u00e5p i matsal.<\/li>\n<li>Planterat stockrosor, passionsfrukt och fuchsia.<\/li>\n<li>Fixat blomsterl\u00e5dorna p\u00e5 uteplatsen.<\/li>\n<li>S\u00e5gat ner tv\u00e5 d\u00f6da frukttr\u00e4d.<\/li>\n<li>Klippt tujatr\u00e4d och linden.<\/li>\n<li>Putsat f\u00f6nster i badrum, k\u00f6k, sovrum d\u00e4r uppe och badrum d\u00e4r uppe.<\/li>\n<li>Satt upp &#8221;gardiner&#8221; f\u00f6r f\u00f6nstret i toa d\u00e4r uppe.<\/li>\n<li>Snyggat till toa\/badrum p\u00e5 ovanv\u00e5ningen.<\/li>\n<li>Skurat v\u00e4nstra sovrummet p\u00e5 bottenv\u00e5ningen.<\/li>\n<li>Skurat f\u00f6nsterluckor och f\u00f6nster i sovrum p\u00e5 bottenv\u00e5ningen.<\/li>\n<li>Fixat internet och kabeldragning.<\/li>\n<li>Justerat en massa f\u00f6nsterluckor som inte gick att st\u00e4nga f\u00f6rut.<\/li>\n<\/ul>\n","protected":false},"excerpt":{"rendered":"<p>Under sommaren blev f\u00f6ljande gjort: K\u00f6pt parasoll till utebordet. K\u00f6pt gr\u00e4sklippare. K\u00f6pt diskmaskin. K\u00f6pt matbord. Fick gas installerat. Rivit gamla diskb\u00e4nken och satt in ny. M\u00e5lat de flesta v\u00e4ggar i k\u00f6ket vita. S\u00e5gat till b\u00e4nkskivan till v\u00e4nster om spisen. Rivit halva taket och inglasning utanf\u00f6r k\u00f6k\/hall. Lagade och m\u00e5lade vindsf\u00f6nstret. &#8230;<\/p>\n","protected":false},"author":1,"featured_media":0,"comment_status":"open","ping_status":"open","sticky":false,"template":"","format":"standard","meta":{"jetpack_post_was_ever_published":false,"_jetpack_newsletter_access":"","_jetpack_dont_email_post_to_subs":false,"_jetpack_newsletter_tier_id":0,"footnotes":""},"categories":[19],"tags":[],"jetpack_sharing_enabled":true,"jetpack_featured_media_url":"","_links":{"self":[{"href":"https:\/\/www.montendre.se\/index.php?rest_route=\/wp\/v2\/posts\/773"}],"collection":[{"href":"https:\/\/www.montendre.se\/index.php?rest_route=\/wp\/v2\/posts"}],"about":[{"href":"https:\/\/www.montendre.se\/index.php?rest_route=\/wp\/v2\/types\/post"}],"author":[{"embeddable":true,"href":"https:\/\/www.montendre.se\/index.php?rest_route=\/wp\/v2\/users\/1"}],"replies":[{"embeddable":true,"href":"https:\/\/www.montendre.se\/index.php?rest_route=%2Fwp%2Fv2%2Fcomments&post=773"}],"version-history":[{"count":2,"href":"https:\/\/www.montendre.se\/index.php?rest_route=\/wp\/v2\/posts\/773\/revisions"}],"predecessor-version":[{"id":778,"href":"https:\/\/www.montendre.se\/index.php?rest_route=\/wp\/v2\/posts\/773\/revisions\/778"}],"wp:attachment":[{"href":"https:\/\/www.montendre.se\/index.php?rest_route=%2Fwp%2Fv2%2Fmedia&parent=773"}],"wp:term":[{"taxonomy":"category","embeddable":true,"href":"https:\/\/www.montendre.se\/index.php?rest_route=%2Fwp%2Fv2%2Fcategories&post=773"},{"taxonomy":"post_tag","embeddable":true,"href":"https:\/\/www.montendre.se\/index.php?rest_route=%2Fwp%2Fv2%2Ftags&post=773"}],"curies":[{"name":"wp","href":"https:\/\/api.w.org\/{rel}","templated":true}]}}