{"id":767,"date":"2011-07-20T16:11:19","date_gmt":"2011-07-20T14:11:19","guid":{"rendered":"http:\/\/www.montendre.se\/?p=767"},"modified":"2013-07-17T16:13:29","modified_gmt":"2013-07-17T14:13:29","slug":"20-juli-2011","status":"publish","type":"post","link":"https:\/\/www.montendre.se\/?p=767","title":{"rendered":"20 juli 2011"},"content":{"rendered":"<p>Diskmaskin ink\u00f6pt. Ska vi installera n\u00e4sta g\u00e5ng.<\/p>\n<p><a href=\"http:\/\/www.montendre.se\/wp-content\/uploads\/2013\/07\/IMG_1256.jpg\"><img loading=\"lazy\" decoding=\"async\" class=\"aligncenter size-medium wp-image-768\" title=\"IMG_1256\" src=\"http:\/\/www.montendre.se\/wp-content\/uploads\/2013\/07\/IMG_1256-224x300.jpg\" alt=\"\" width=\"224\" height=\"300\" srcset=\"https:\/\/www.montendre.se\/wp-content\/uploads\/2013\/07\/IMG_1256-224x300.jpg 224w, https:\/\/www.montendre.se\/wp-content\/uploads\/2013\/07\/IMG_1256-764x1024.jpg 764w, https:\/\/www.montendre.se\/wp-content\/uploads\/2013\/07\/IMG_1256-700x937.jpg 700w, https:\/\/www.montendre.se\/wp-content\/uploads\/2013\/07\/IMG_1256.jpg 1936w\" sizes=\"(max-width: 224px) 100vw, 224px\" \/><\/a><\/p>\n<p>Vindsf\u00f6nstret m\u00e5lat. Jag gl\u00f6mde att anv\u00e4nda maskningstejp s\u00e5 det blir lite kladdigt, men det \u00e4r ju bara ett vindsf\u00f6nster.<\/p>\n<p><a href=\"http:\/\/www.montendre.se\/wp-content\/uploads\/2013\/07\/IMG_1257.jpg\"><img loading=\"lazy\" decoding=\"async\" class=\"aligncenter size-medium wp-image-769\" title=\"IMG_1257\" src=\"http:\/\/www.montendre.se\/wp-content\/uploads\/2013\/07\/IMG_1257-300x224.jpg\" alt=\"\" width=\"300\" height=\"224\" srcset=\"https:\/\/www.montendre.se\/wp-content\/uploads\/2013\/07\/IMG_1257-300x224.jpg 300w, https:\/\/www.montendre.se\/wp-content\/uploads\/2013\/07\/IMG_1257-1024x764.jpg 1024w, https:\/\/www.montendre.se\/wp-content\/uploads\/2013\/07\/IMG_1257-268x200.jpg 268w, https:\/\/www.montendre.se\/wp-content\/uploads\/2013\/07\/IMG_1257-700x522.jpg 700w\" sizes=\"(max-width: 300px) 100vw, 300px\" \/><\/a><\/p>\n<p>Meckat med tre av f\u00f6nsterluckorna. Det har ju bl\u00e5st och regnat mycket s\u00e5 vissa har sv\u00e4llt i fukten och jag har hyvlat och s\u00e5gat bort lite p\u00e5 kanterna. N\u00e5gra luckor som inte varit st\u00e4ngda under n\u00e4tterna har st\u00e5tt och sl\u00e5tt och skruvarna lossnar allteftersom. Jag har bytt skruvar och skruvh\u00e5l p\u00e5 ett antal st\u00e4llen. Borde h\u00e5lla lite b\u00e4ttre nu och dessutom kan man st\u00e4nga alla f\u00f6nsterluckor ordentligt nu.<\/p>\n<p><a href=\"http:\/\/www.montendre.se\/wp-content\/uploads\/2013\/07\/IMG_1258.jpg\"><img loading=\"lazy\" decoding=\"async\" class=\"aligncenter size-medium wp-image-770\" title=\"IMG_1258\" src=\"http:\/\/www.montendre.se\/wp-content\/uploads\/2013\/07\/IMG_1258-300x224.jpg\" alt=\"\" width=\"300\" height=\"224\" srcset=\"https:\/\/www.montendre.se\/wp-content\/uploads\/2013\/07\/IMG_1258-300x224.jpg 300w, https:\/\/www.montendre.se\/wp-content\/uploads\/2013\/07\/IMG_1258-1024x764.jpg 1024w, https:\/\/www.montendre.se\/wp-content\/uploads\/2013\/07\/IMG_1258-268x200.jpg 268w, https:\/\/www.montendre.se\/wp-content\/uploads\/2013\/07\/IMG_1258-700x522.jpg 700w\" sizes=\"(max-width: 300px) 100vw, 300px\" \/><\/a><\/p>\n<p>Lena har planterat en del, h\u00e4r \u00e4r det bl.a. stockrosor inne vid muren. Dessutom har vi satt passionsfrukt och lite annat sm\u00e5tt och gott.<\/p>\n<p><a href=\"http:\/\/www.montendre.se\/wp-content\/uploads\/2013\/07\/IMG_1259.jpg\"><img loading=\"lazy\" decoding=\"async\" class=\"aligncenter size-medium wp-image-771\" title=\"IMG_1259\" src=\"http:\/\/www.montendre.se\/wp-content\/uploads\/2013\/07\/IMG_1259-300x224.jpg\" alt=\"\" width=\"300\" height=\"224\" srcset=\"https:\/\/www.montendre.se\/wp-content\/uploads\/2013\/07\/IMG_1259-300x224.jpg 300w, https:\/\/www.montendre.se\/wp-content\/uploads\/2013\/07\/IMG_1259-1024x764.jpg 1024w, https:\/\/www.montendre.se\/wp-content\/uploads\/2013\/07\/IMG_1259-268x200.jpg 268w, https:\/\/www.montendre.se\/wp-content\/uploads\/2013\/07\/IMG_1259-700x522.jpg 700w\" sizes=\"(max-width: 300px) 100vw, 300px\" \/><\/a><\/p>\n","protected":false},"excerpt":{"rendered":"<p>Diskmaskin ink\u00f6pt. Ska vi installera n\u00e4sta g\u00e5ng. Vindsf\u00f6nstret m\u00e5lat. Jag gl\u00f6mde att anv\u00e4nda maskningstejp s\u00e5 det blir lite kladdigt, men det \u00e4r ju bara ett vindsf\u00f6nster. Meckat med tre av f\u00f6nsterluckorna. Det har ju bl\u00e5st och regnat mycket s\u00e5 vissa har sv\u00e4llt i fukten och jag har hyvlat och s\u00e5gat &#8230;<\/p>\n","protected":false},"author":1,"featured_media":0,"comment_status":"open","ping_status":"open","sticky":false,"template":"","format":"standard","meta":{"jetpack_post_was_ever_published":false,"_jetpack_newsletter_access":"","_jetpack_dont_email_post_to_subs":false,"_jetpack_newsletter_tier_id":0,"footnotes":""},"categories":[19],"tags":[],"jetpack_sharing_enabled":true,"jetpack_featured_media_url":"","_links":{"self":[{"href":"https:\/\/www.montendre.se\/index.php?rest_route=\/wp\/v2\/posts\/767"}],"collection":[{"href":"https:\/\/www.montendre.se\/index.php?rest_route=\/wp\/v2\/posts"}],"about":[{"href":"https:\/\/www.montendre.se\/index.php?rest_route=\/wp\/v2\/types\/post"}],"author":[{"embeddable":true,"href":"https:\/\/www.montendre.se\/index.php?rest_route=\/wp\/v2\/users\/1"}],"replies":[{"embeddable":true,"href":"https:\/\/www.montendre.se\/index.php?rest_route=%2Fwp%2Fv2%2Fcomments&post=767"}],"version-history":[{"count":1,"href":"https:\/\/www.montendre.se\/index.php?rest_route=\/wp\/v2\/posts\/767\/revisions"}],"predecessor-version":[{"id":772,"href":"https:\/\/www.montendre.se\/index.php?rest_route=\/wp\/v2\/posts\/767\/revisions\/772"}],"wp:attachment":[{"href":"https:\/\/www.montendre.se\/index.php?rest_route=%2Fwp%2Fv2%2Fmedia&parent=767"}],"wp:term":[{"taxonomy":"category","embeddable":true,"href":"https:\/\/www.montendre.se\/index.php?rest_route=%2Fwp%2Fv2%2Fcategories&post=767"},{"taxonomy":"post_tag","embeddable":true,"href":"https:\/\/www.montendre.se\/index.php?rest_route=%2Fwp%2Fv2%2Ftags&post=767"}],"curies":[{"name":"wp","href":"https:\/\/api.w.org\/{rel}","templated":true}]}}