{"id":744,"date":"2011-03-08T15:49:34","date_gmt":"2011-03-08T14:49:34","guid":{"rendered":"http:\/\/www.montendre.se\/?p=744"},"modified":"2013-07-17T16:51:32","modified_gmt":"2013-07-17T14:51:32","slug":"forsta-resan-ner-mars-2011","status":"publish","type":"post","link":"https:\/\/www.montendre.se\/?p=744","title":{"rendered":"F\u00f6rsta resan ner mars 2011"},"content":{"rendered":"<p>P\u00e5 f\u00f6rsta resan ner (d\u00e5 vi faktiskt sov i huset) gjordes f\u00f6ljande:<\/p>\n<ul>\n<ul>\n<li>P\u00e5 tisdagen 1 mars kom vi ner p\u00e5 kv\u00e4llen och bodde p\u00e5 pensionatet. Thomas och Gunnar var med. F\u00f6rsta kv\u00e4llen k\u00f6per vi v\u00e4rmefl\u00e4ktar och s\u00e4tter in dem i huset. Sover p\u00e5 pensionatet.<\/li>\n<\/ul>\n<\/ul>\n<ul>\n<ul>\n<li>P\u00e5 onsdagen 2 mars:\n<ul>\n<ul>\n<li>Handlade st\u00e4dgrejer och st\u00e4dade stor del av dagen<\/li>\n<\/ul>\n<\/ul>\n<ul>\n<ul>\n<li>\u00c5ker till Ikea efter lunch och f\u00f6rs\u00f6ker hyra bil. Struligt och f\u00e5r hyra p\u00e5 Avis i st\u00e4llet. K\u00f6pte 7 s\u00e4ngar (20:10). Tillbaka runt kl 22. K\u00f6per pizzor och \u00e4ter p\u00e5 pensionatet kl 22:30.<\/li>\n<\/ul>\n<\/ul>\n<\/li>\n<\/ul>\n<\/ul>\n<ul>\n<ul>\n<li>P\u00e5 torsdagen 3 mars:\n<ul>\n<ul>\n<li>B\u00e4r in s\u00e4ngarna (som st\u00e5tt i bilen under natten).<\/li>\n<\/ul>\n<\/ul>\n<ul>\n<ul>\n<li>Checkar ut fr\u00e5n pensionatet.<\/li>\n<\/ul>\n<\/ul>\n<ul>\n<ul>\n<li>K\u00f6per utem\u00f6bler<\/li>\n<\/ul>\n<\/ul>\n<ul>\n<ul>\n<li>K\u00f6pte pirra (10:36)<\/li>\n<\/ul>\n<\/ul>\n<ul>\n<ul>\n<li>\u00c5kte till Bordeaux f\u00f6r att handla s\u00e4ngkl\u00e4der och k\u00f6kssk\u00e5p (13:00) och Thomas och Gunnar h\u00e4mtade Linda, Erland och Margit.<\/li>\n<\/ul>\n<\/ul>\n<ul>\n<ul>\n<li>K\u00f6pte kylsk\u00e5p och liten elplatta (14:25)<\/li>\n<\/ul>\n<\/ul>\n<ul>\n<ul>\n<li>B\u00e4r in grejerna, sedan \u00e5ker Thomas och jag tillbaka med bilen till Bordeaux.<\/li>\n<\/ul>\n<\/ul>\n<ul>\n<ul>\n<li>De andra skruvade ihop s\u00e4ngar och k\u00f6kssk\u00e5p<\/li>\n<\/ul>\n<\/ul>\n<ul>\n<ul>\n<li>och sov f\u00f6r f\u00f6rsta g\u00e5ngen i huset. Champagne!<\/li>\n<\/ul>\n<\/ul>\n<\/li>\n<\/ul>\n<\/ul>\n<ul>\n<ul>\n<li>P\u00e5 fredagen 4 mars:\n<ul>\n<ul>\n<li>Lite lugnare. Fixar i huset.<\/li>\n<\/ul>\n<\/ul>\n<ul>\n<ul>\n<li>Liten utflykt plus Thomas f\u00f6delsedagsmiddag i Royan.<\/li>\n<\/ul>\n<\/ul>\n<\/li>\n<\/ul>\n<\/ul>\n<ul>\n<ul>\n<li>L\u00f6rdagen 5 mars:\n<ul>\n<ul>\n<li>Tv\u00e4ttmaskin<\/li>\n<\/ul>\n<\/ul>\n<ul>\n<ul>\n<li>Thomas och Margit \u00e5ker till Ikea och handlar k\u00f6ksgrejer<\/li>\n<\/ul>\n<\/ul>\n<ul>\n<ul>\n<li>Linda fixar i tr\u00e4dg\u00e5rden<\/li>\n<\/ul>\n<\/ul>\n<ul>\n<ul>\n<li>Liten utflykt till Blaye och Bourg.<\/li>\n<\/ul>\n<\/ul>\n<\/li>\n<li>S\u00f6ndagen 6 mars:\n<ul>\n<li>K\u00f6per lite v\u00e4xter<\/li>\n<li>Thomas och Gunnar skjutsar L&amp;E&amp;M till flygplatsen.<\/li>\n<\/ul>\n<\/li>\n<\/ul>\n<\/ul>\n","protected":false},"excerpt":{"rendered":"<p>P\u00e5 f\u00f6rsta resan ner (d\u00e5 vi faktiskt sov i huset) gjordes f\u00f6ljande: P\u00e5 tisdagen 1 mars kom vi ner p\u00e5 kv\u00e4llen och bodde p\u00e5 pensionatet. Thomas och Gunnar var med. F\u00f6rsta kv\u00e4llen k\u00f6per vi v\u00e4rmefl\u00e4ktar och s\u00e4tter in dem i huset. Sover p\u00e5 pensionatet. P\u00e5 onsdagen 2 mars: Handlade st\u00e4dgrejer &#8230;<\/p>\n","protected":false},"author":1,"featured_media":0,"comment_status":"open","ping_status":"open","sticky":false,"template":"","format":"standard","meta":{"jetpack_post_was_ever_published":false,"_jetpack_newsletter_access":"","_jetpack_dont_email_post_to_subs":false,"_jetpack_newsletter_tier_id":0,"footnotes":""},"categories":[18],"tags":[],"jetpack_sharing_enabled":true,"jetpack_featured_media_url":"","_links":{"self":[{"href":"https:\/\/www.montendre.se\/index.php?rest_route=\/wp\/v2\/posts\/744"}],"collection":[{"href":"https:\/\/www.montendre.se\/index.php?rest_route=\/wp\/v2\/posts"}],"about":[{"href":"https:\/\/www.montendre.se\/index.php?rest_route=\/wp\/v2\/types\/post"}],"author":[{"embeddable":true,"href":"https:\/\/www.montendre.se\/index.php?rest_route=\/wp\/v2\/users\/1"}],"replies":[{"embeddable":true,"href":"https:\/\/www.montendre.se\/index.php?rest_route=%2Fwp%2Fv2%2Fcomments&post=744"}],"version-history":[{"count":5,"href":"https:\/\/www.montendre.se\/index.php?rest_route=\/wp\/v2\/posts\/744\/revisions"}],"predecessor-version":[{"id":775,"href":"https:\/\/www.montendre.se\/index.php?rest_route=\/wp\/v2\/posts\/744\/revisions\/775"}],"wp:attachment":[{"href":"https:\/\/www.montendre.se\/index.php?rest_route=%2Fwp%2Fv2%2Fmedia&parent=744"}],"wp:term":[{"taxonomy":"category","embeddable":true,"href":"https:\/\/www.montendre.se\/index.php?rest_route=%2Fwp%2Fv2%2Fcategories&post=744"},{"taxonomy":"post_tag","embeddable":true,"href":"https:\/\/www.montendre.se\/index.php?rest_route=%2Fwp%2Fv2%2Ftags&post=744"}],"curies":[{"name":"wp","href":"https:\/\/api.w.org\/{rel}","templated":true}]}}