{"id":721,"date":"2011-09-11T15:39:20","date_gmt":"2011-09-11T13:39:20","guid":{"rendered":"http:\/\/www.montendre.se\/?p=721"},"modified":"2013-07-17T15:45:07","modified_gmt":"2013-07-17T13:45:07","slug":"10-september-2011","status":"publish","type":"post","link":"https:\/\/www.montendre.se\/?p=721","title":{"rendered":"11 september 2011"},"content":{"rendered":"<p>Passerade lite solrosf\u00e4lt ig\u00e5r. Ser inte lika fina ut som i somras, lite mer som i Mordor \ud83d\ude09<\/p>\n<p><a href=\"http:\/\/www.montendre.se\/wp-content\/uploads\/2013\/07\/IMG_1353.jpg\"><img loading=\"lazy\" decoding=\"async\" class=\"aligncenter size-medium wp-image-722\" title=\"IMG_1353\" src=\"http:\/\/www.montendre.se\/wp-content\/uploads\/2013\/07\/IMG_1353-300x224.jpg\" alt=\"\" width=\"300\" height=\"224\" srcset=\"https:\/\/www.montendre.se\/wp-content\/uploads\/2013\/07\/IMG_1353-300x224.jpg 300w, https:\/\/www.montendre.se\/wp-content\/uploads\/2013\/07\/IMG_1353-1024x764.jpg 1024w, https:\/\/www.montendre.se\/wp-content\/uploads\/2013\/07\/IMG_1353-268x200.jpg 268w, https:\/\/www.montendre.se\/wp-content\/uploads\/2013\/07\/IMG_1353-700x522.jpg 700w\" sizes=\"(max-width: 300px) 100vw, 300px\" \/><\/a><\/p>\n<p>Och s\u00e5 k\u00f6pte jag en l\u00e4ngre sekat\u00f6r\/s\u00e5g.<\/p>\n<p>&#8221;Tujatr\u00e4dsm\u00f6rdaren och dess offer&#8221;<\/p>\n<p><a href=\"http:\/\/www.montendre.se\/wp-content\/uploads\/2013\/07\/IMG_1355.jpg\"><img loading=\"lazy\" decoding=\"async\" class=\"aligncenter size-medium wp-image-723\" title=\"IMG_1355\" src=\"http:\/\/www.montendre.se\/wp-content\/uploads\/2013\/07\/IMG_1355-300x224.jpg\" alt=\"\" width=\"300\" height=\"224\" srcset=\"https:\/\/www.montendre.se\/wp-content\/uploads\/2013\/07\/IMG_1355-300x224.jpg 300w, https:\/\/www.montendre.se\/wp-content\/uploads\/2013\/07\/IMG_1355-1024x764.jpg 1024w, https:\/\/www.montendre.se\/wp-content\/uploads\/2013\/07\/IMG_1355-268x200.jpg 268w, https:\/\/www.montendre.se\/wp-content\/uploads\/2013\/07\/IMG_1355-700x522.jpg 700w\" sizes=\"(max-width: 300px) 100vw, 300px\" \/><\/a><\/p>\n<p>Och Lena k\u00f6pte lite hallonbuskar som planteras.<\/p>\n<p><a href=\"http:\/\/www.montendre.se\/wp-content\/uploads\/2013\/07\/IMG_1356.jpg\"><img loading=\"lazy\" decoding=\"async\" class=\"aligncenter size-medium wp-image-724\" title=\"IMG_1356\" src=\"http:\/\/www.montendre.se\/wp-content\/uploads\/2013\/07\/IMG_1356-300x224.jpg\" alt=\"\" width=\"300\" height=\"224\" srcset=\"https:\/\/www.montendre.se\/wp-content\/uploads\/2013\/07\/IMG_1356-300x224.jpg 300w, https:\/\/www.montendre.se\/wp-content\/uploads\/2013\/07\/IMG_1356-1024x764.jpg 1024w, https:\/\/www.montendre.se\/wp-content\/uploads\/2013\/07\/IMG_1356-268x200.jpg 268w, https:\/\/www.montendre.se\/wp-content\/uploads\/2013\/07\/IMG_1356-700x522.jpg 700w\" sizes=\"(max-width: 300px) 100vw, 300px\" \/><\/a><\/p>\n<p>I eftermiddag ska jag och grannen (George) besk\u00e4ra palmen framf\u00f6r huset. Senare kommer grannarna (George och Lucette och Martine) \u00f6ver p\u00e5 en liten aperitif.<\/p>\n","protected":false},"excerpt":{"rendered":"<p>Passerade lite solrosf\u00e4lt ig\u00e5r. Ser inte lika fina ut som i somras, lite mer som i Mordor \ud83d\ude09 Och s\u00e5 k\u00f6pte jag en l\u00e4ngre sekat\u00f6r\/s\u00e5g. &#8221;Tujatr\u00e4dsm\u00f6rdaren och dess offer&#8221; Och Lena k\u00f6pte lite hallonbuskar som planteras. I eftermiddag ska jag och grannen (George) besk\u00e4ra palmen framf\u00f6r huset. Senare kommer grannarna &#8230;<\/p>\n","protected":false},"author":1,"featured_media":0,"comment_status":"open","ping_status":"open","sticky":false,"template":"","format":"standard","meta":{"jetpack_post_was_ever_published":false,"_jetpack_newsletter_access":"","_jetpack_dont_email_post_to_subs":false,"_jetpack_newsletter_tier_id":0,"footnotes":""},"categories":[15],"tags":[],"jetpack_sharing_enabled":true,"jetpack_featured_media_url":"","_links":{"self":[{"href":"https:\/\/www.montendre.se\/index.php?rest_route=\/wp\/v2\/posts\/721"}],"collection":[{"href":"https:\/\/www.montendre.se\/index.php?rest_route=\/wp\/v2\/posts"}],"about":[{"href":"https:\/\/www.montendre.se\/index.php?rest_route=\/wp\/v2\/types\/post"}],"author":[{"embeddable":true,"href":"https:\/\/www.montendre.se\/index.php?rest_route=\/wp\/v2\/users\/1"}],"replies":[{"embeddable":true,"href":"https:\/\/www.montendre.se\/index.php?rest_route=%2Fwp%2Fv2%2Fcomments&post=721"}],"version-history":[{"count":2,"href":"https:\/\/www.montendre.se\/index.php?rest_route=\/wp\/v2\/posts\/721\/revisions"}],"predecessor-version":[{"id":735,"href":"https:\/\/www.montendre.se\/index.php?rest_route=\/wp\/v2\/posts\/721\/revisions\/735"}],"wp:attachment":[{"href":"https:\/\/www.montendre.se\/index.php?rest_route=%2Fwp%2Fv2%2Fmedia&parent=721"}],"wp:term":[{"taxonomy":"category","embeddable":true,"href":"https:\/\/www.montendre.se\/index.php?rest_route=%2Fwp%2Fv2%2Fcategories&post=721"},{"taxonomy":"post_tag","embeddable":true,"href":"https:\/\/www.montendre.se\/index.php?rest_route=%2Fwp%2Fv2%2Ftags&post=721"}],"curies":[{"name":"wp","href":"https:\/\/api.w.org\/{rel}","templated":true}]}}