{"id":7107,"date":"2025-11-14T21:11:28","date_gmt":"2025-11-14T20:11:28","guid":{"rendered":"https:\/\/www.montendre.se\/?p=7107"},"modified":"2025-11-14T21:11:28","modified_gmt":"2025-11-14T20:11:28","slug":"14-november-2025-2","status":"publish","type":"post","link":"https:\/\/www.montendre.se\/?p=7107","title":{"rendered":"14 november 2025"},"content":{"rendered":"<p>Mulet och lite regn p\u00e5 f\u00f6rmiddagen. Lite sol p\u00e5 eftermiddagen, 19 grader.<\/p>\n<p>B\u00f6rjade fixa med listerna mellan nischen och v\u00e4ggen. Blir lite st\u00f6kigt eftersom allt \u00e4r s\u00e5 &#8221;oj\u00e4mnt&#8221; och &#8221;snett&#8221;. M\u00e5lade samtliga delar en g\u00e5ng till.<\/p>\n<p><a href=\"https:\/\/www.montendre.se\/wp-content\/uploads\/2025\/11\/IMG_6145.jpeg\"><img loading=\"lazy\" decoding=\"async\" class=\"size-medium wp-image-7112 aligncenter\" src=\"https:\/\/www.montendre.se\/wp-content\/uploads\/2025\/11\/IMG_6145-225x300.jpeg\" alt=\"\" width=\"225\" height=\"300\" srcset=\"https:\/\/www.montendre.se\/wp-content\/uploads\/2025\/11\/IMG_6145-225x300.jpeg 225w, https:\/\/www.montendre.se\/wp-content\/uploads\/2025\/11\/IMG_6145-768x1024.jpeg 768w, https:\/\/www.montendre.se\/wp-content\/uploads\/2025\/11\/IMG_6145-700x933.jpeg 700w, https:\/\/www.montendre.se\/wp-content\/uploads\/2025\/11\/IMG_6145.jpeg 960w\" sizes=\"(max-width: 225px) 100vw, 225px\" \/><\/a><\/p>\n<p>F\u00e4rdigst\u00e4llde fixandet med sockeln bakom soffan.<\/p>\n<p>K\u00f6pte lite fler anemon-l\u00f6kar och planterade i l\u00e5dan vid muren.<\/p>\n<p>Best\u00e4mde med grannarna Iain och Anny att ses \u00f6ver ett glas vin i morgon, l\u00f6rdag kv\u00e4ll.<\/p>\n<p>Pilgrimsmusslor \u00e0 la Mannerstr\u00f6m. Kollar lite p\u00e5 &#8221;De levande&#8221; p\u00e5 Svtplay om terrorattacken i Paris 2015.<\/p>\n","protected":false},"excerpt":{"rendered":"<p>Mulet och lite regn p\u00e5 f\u00f6rmiddagen. Lite sol p\u00e5 eftermiddagen, 19 grader. B\u00f6rjade fixa med listerna mellan nischen och v\u00e4ggen. Blir lite st\u00f6kigt eftersom allt \u00e4r s\u00e5 &#8221;oj\u00e4mnt&#8221; och &#8221;snett&#8221;. M\u00e5lade samtliga delar en g\u00e5ng till. F\u00e4rdigst\u00e4llde fixandet med sockeln bakom soffan. K\u00f6pte lite fler anemon-l\u00f6kar och planterade i l\u00e5dan &#8230;<\/p>\n","protected":false},"author":1,"featured_media":0,"comment_status":"open","ping_status":"open","sticky":false,"template":"","format":"standard","meta":{"jetpack_post_was_ever_published":false,"_jetpack_newsletter_access":"","_jetpack_dont_email_post_to_subs":false,"_jetpack_newsletter_tier_id":0,"footnotes":""},"categories":[102],"tags":[],"jetpack_sharing_enabled":true,"jetpack_featured_media_url":"","_links":{"self":[{"href":"https:\/\/www.montendre.se\/index.php?rest_route=\/wp\/v2\/posts\/7107"}],"collection":[{"href":"https:\/\/www.montendre.se\/index.php?rest_route=\/wp\/v2\/posts"}],"about":[{"href":"https:\/\/www.montendre.se\/index.php?rest_route=\/wp\/v2\/types\/post"}],"author":[{"embeddable":true,"href":"https:\/\/www.montendre.se\/index.php?rest_route=\/wp\/v2\/users\/1"}],"replies":[{"embeddable":true,"href":"https:\/\/www.montendre.se\/index.php?rest_route=%2Fwp%2Fv2%2Fcomments&post=7107"}],"version-history":[{"count":13,"href":"https:\/\/www.montendre.se\/index.php?rest_route=\/wp\/v2\/posts\/7107\/revisions"}],"predecessor-version":[{"id":7122,"href":"https:\/\/www.montendre.se\/index.php?rest_route=\/wp\/v2\/posts\/7107\/revisions\/7122"}],"wp:attachment":[{"href":"https:\/\/www.montendre.se\/index.php?rest_route=%2Fwp%2Fv2%2Fmedia&parent=7107"}],"wp:term":[{"taxonomy":"category","embeddable":true,"href":"https:\/\/www.montendre.se\/index.php?rest_route=%2Fwp%2Fv2%2Fcategories&post=7107"},{"taxonomy":"post_tag","embeddable":true,"href":"https:\/\/www.montendre.se\/index.php?rest_route=%2Fwp%2Fv2%2Ftags&post=7107"}],"curies":[{"name":"wp","href":"https:\/\/api.w.org\/{rel}","templated":true}]}}