{"id":7059,"date":"2025-11-12T22:07:34","date_gmt":"2025-11-12T21:07:34","guid":{"rendered":"https:\/\/www.montendre.se\/?p=7059"},"modified":"2025-11-12T22:07:34","modified_gmt":"2025-11-12T21:07:34","slug":"12-november-2025","status":"publish","type":"post","link":"https:\/\/www.montendre.se\/?p=7059","title":{"rendered":"12 november 2025"},"content":{"rendered":"<p>Soldis, 20 grader.<\/p>\n<p>Fixat med kablar och sockeln i matrummet. Jag gillar inte plastkanaler f\u00f6r elkablar&#8230; Vita tunna kabeln \u00e4r fiber och den ska jag s\u00e4tta dit med kabelklamrar.<\/p>\n<p><a href=\"https:\/\/www.montendre.se\/wp-content\/uploads\/2025\/11\/IMG_6108.jpeg\"><img loading=\"lazy\" decoding=\"async\" class=\"size-medium wp-image-7065 aligncenter\" src=\"https:\/\/www.montendre.se\/wp-content\/uploads\/2025\/11\/IMG_6108-300x225.jpeg\" alt=\"\" width=\"300\" height=\"225\" srcset=\"https:\/\/www.montendre.se\/wp-content\/uploads\/2025\/11\/IMG_6108-300x225.jpeg 300w, https:\/\/www.montendre.se\/wp-content\/uploads\/2025\/11\/IMG_6108-1024x768.jpeg 1024w, https:\/\/www.montendre.se\/wp-content\/uploads\/2025\/11\/IMG_6108-768x576.jpeg 768w, https:\/\/www.montendre.se\/wp-content\/uploads\/2025\/11\/IMG_6108-268x200.jpeg 268w, https:\/\/www.montendre.se\/wp-content\/uploads\/2025\/11\/IMG_6108-700x525.jpeg 700w, https:\/\/www.montendre.se\/wp-content\/uploads\/2025\/11\/IMG_6108.jpeg 1280w\" sizes=\"(max-width: 300px) 100vw, 300px\" \/><\/a><\/p>\n<p>M\u00e5lat och spacklat lite och satt upp n\u00e5gon list i f\u00f6nsternischen.<\/p>\n<p>Gick ut en stund i tr\u00e4dg\u00e5rden och rensade lite i pallkragen. Alpaklejan hade tagit \u00f6ver s\u00e5 stor del av den s\u00e5 jag rev upp allt och planterade ut en del i rabatten. Flyttade \u00e4ven ut halva fackelliljan (p\u00e5 bilden) till rabatten och satte brandliljan fr\u00e5n Gyva i pallkragen. F\u00e5r vi se om den tar sig&#8230; (Omringad av tr\u00e4pinnar s\u00e5 jag ska minnas var jag satt den.)<\/p>\n<p><a href=\"https:\/\/www.montendre.se\/wp-content\/uploads\/2025\/11\/IMG_6111.jpeg\"><img loading=\"lazy\" decoding=\"async\" class=\"size-medium wp-image-7066 aligncenter\" src=\"https:\/\/www.montendre.se\/wp-content\/uploads\/2025\/11\/IMG_6111-225x300.jpeg\" alt=\"\" width=\"225\" height=\"300\" srcset=\"https:\/\/www.montendre.se\/wp-content\/uploads\/2025\/11\/IMG_6111-225x300.jpeg 225w, https:\/\/www.montendre.se\/wp-content\/uploads\/2025\/11\/IMG_6111-768x1024.jpeg 768w, https:\/\/www.montendre.se\/wp-content\/uploads\/2025\/11\/IMG_6111-700x933.jpeg 700w, https:\/\/www.montendre.se\/wp-content\/uploads\/2025\/11\/IMG_6111.jpeg 960w\" sizes=\"(max-width: 225px) 100vw, 225px\" \/><\/a><\/p>\n<p><a href=\"https:\/\/www.montendre.se\/wp-content\/uploads\/2025\/11\/IMG_6113.jpeg\"><img loading=\"lazy\" decoding=\"async\" class=\"size-medium wp-image-7067 aligncenter\" src=\"https:\/\/www.montendre.se\/wp-content\/uploads\/2025\/11\/IMG_6113-225x300.jpeg\" alt=\"\" width=\"225\" height=\"300\" srcset=\"https:\/\/www.montendre.se\/wp-content\/uploads\/2025\/11\/IMG_6113-225x300.jpeg 225w, https:\/\/www.montendre.se\/wp-content\/uploads\/2025\/11\/IMG_6113-768x1024.jpeg 768w, https:\/\/www.montendre.se\/wp-content\/uploads\/2025\/11\/IMG_6113-700x933.jpeg 700w, https:\/\/www.montendre.se\/wp-content\/uploads\/2025\/11\/IMG_6113.jpeg 960w\" sizes=\"(max-width: 225px) 100vw, 225px\" \/><\/a>Att sortera sopor i Frankrike \u00e4r ingen lek. Jag har f\u00e5tt tv\u00e5 nya stora sopk\u00e4rl att st\u00e4lla ut p\u00e5 gatan vid t\u00f6mningsdagar, ett gult och ett svart. Och det ska sorteras som satan.<\/p>\n<p><a href=\"https:\/\/www.montendre.se\/wp-content\/uploads\/2025\/11\/IMG_6119.jpeg\"><img loading=\"lazy\" decoding=\"async\" class=\"size-medium wp-image-7070 aligncenter\" src=\"https:\/\/www.montendre.se\/wp-content\/uploads\/2025\/11\/IMG_6119-300x225.jpeg\" alt=\"\" width=\"300\" height=\"225\" srcset=\"https:\/\/www.montendre.se\/wp-content\/uploads\/2025\/11\/IMG_6119-300x225.jpeg 300w, https:\/\/www.montendre.se\/wp-content\/uploads\/2025\/11\/IMG_6119-1024x768.jpeg 1024w, https:\/\/www.montendre.se\/wp-content\/uploads\/2025\/11\/IMG_6119-768x576.jpeg 768w, https:\/\/www.montendre.se\/wp-content\/uploads\/2025\/11\/IMG_6119-268x200.jpeg 268w, https:\/\/www.montendre.se\/wp-content\/uploads\/2025\/11\/IMG_6119-700x525.jpeg 700w, https:\/\/www.montendre.se\/wp-content\/uploads\/2025\/11\/IMG_6119.jpeg 1280w\" sizes=\"(max-width: 300px) 100vw, 300px\" \/><\/a><\/p>\n<p>Andra halvan av f\u00e5rostpasta. Tittade klart p\u00e5 danska serien Legenden.<\/p>\n","protected":false},"excerpt":{"rendered":"<p>Soldis, 20 grader. Fixat med kablar och sockeln i matrummet. Jag gillar inte plastkanaler f\u00f6r elkablar&#8230; Vita tunna kabeln \u00e4r fiber och den ska jag s\u00e4tta dit med kabelklamrar. M\u00e5lat och spacklat lite och satt upp n\u00e5gon list i f\u00f6nsternischen. Gick ut en stund i tr\u00e4dg\u00e5rden och rensade lite i &#8230;<\/p>\n","protected":false},"author":1,"featured_media":0,"comment_status":"open","ping_status":"open","sticky":false,"template":"","format":"standard","meta":{"jetpack_post_was_ever_published":false,"_jetpack_newsletter_access":"","_jetpack_dont_email_post_to_subs":false,"_jetpack_newsletter_tier_id":0,"footnotes":""},"categories":[102],"tags":[],"jetpack_sharing_enabled":true,"jetpack_featured_media_url":"","_links":{"self":[{"href":"https:\/\/www.montendre.se\/index.php?rest_route=\/wp\/v2\/posts\/7059"}],"collection":[{"href":"https:\/\/www.montendre.se\/index.php?rest_route=\/wp\/v2\/posts"}],"about":[{"href":"https:\/\/www.montendre.se\/index.php?rest_route=\/wp\/v2\/types\/post"}],"author":[{"embeddable":true,"href":"https:\/\/www.montendre.se\/index.php?rest_route=\/wp\/v2\/users\/1"}],"replies":[{"embeddable":true,"href":"https:\/\/www.montendre.se\/index.php?rest_route=%2Fwp%2Fv2%2Fcomments&post=7059"}],"version-history":[{"count":13,"href":"https:\/\/www.montendre.se\/index.php?rest_route=\/wp\/v2\/posts\/7059\/revisions"}],"predecessor-version":[{"id":7076,"href":"https:\/\/www.montendre.se\/index.php?rest_route=\/wp\/v2\/posts\/7059\/revisions\/7076"}],"wp:attachment":[{"href":"https:\/\/www.montendre.se\/index.php?rest_route=%2Fwp%2Fv2%2Fmedia&parent=7059"}],"wp:term":[{"taxonomy":"category","embeddable":true,"href":"https:\/\/www.montendre.se\/index.php?rest_route=%2Fwp%2Fv2%2Fcategories&post=7059"},{"taxonomy":"post_tag","embeddable":true,"href":"https:\/\/www.montendre.se\/index.php?rest_route=%2Fwp%2Fv2%2Ftags&post=7059"}],"curies":[{"name":"wp","href":"https:\/\/api.w.org\/{rel}","templated":true}]}}