{"id":7048,"date":"2025-11-11T21:43:30","date_gmt":"2025-11-11T20:43:30","guid":{"rendered":"https:\/\/www.montendre.se\/?p=7048"},"modified":"2025-11-11T21:43:30","modified_gmt":"2025-11-11T20:43:30","slug":"11-november-2025","status":"publish","type":"post","link":"https:\/\/www.montendre.se\/?p=7048","title":{"rendered":"11 november 2025"},"content":{"rendered":"<p>Mest sol idag men kyligt p\u00e5 morgonen. 19 grader p\u00e5 eftermiddagen.<\/p>\n<p>Forts\u00e4tter med f\u00f6nsternischen. Satt upp alla tr\u00e4delar nu f\u00f6rutom lite lister. Ska &#8221;bara&#8221; spackla och m\u00e5la.<br \/>\nHar \u00e4ven b\u00f6rjat med att fixa det sista med elen i matrummet. Bakom soffan har det h\u00e4ngt en massa sladdar som ska in i en kabelkanal. Och s\u00e5 ska sockeln m\u00e5las m\u00f6rkgr\u00e5. Eftersom det varit bakom soffan har man inte sett det och jag har prioriterat bort det.<\/p>\n<p><a href=\"https:\/\/www.montendre.se\/wp-content\/uploads\/2025\/11\/IMG_6101.jpeg\"><img loading=\"lazy\" decoding=\"async\" class=\"size-medium wp-image-7055 aligncenter\" src=\"https:\/\/www.montendre.se\/wp-content\/uploads\/2025\/11\/IMG_6101-300x225.jpeg\" alt=\"\" width=\"300\" height=\"225\" srcset=\"https:\/\/www.montendre.se\/wp-content\/uploads\/2025\/11\/IMG_6101-300x225.jpeg 300w, https:\/\/www.montendre.se\/wp-content\/uploads\/2025\/11\/IMG_6101-1024x768.jpeg 1024w, https:\/\/www.montendre.se\/wp-content\/uploads\/2025\/11\/IMG_6101-768x576.jpeg 768w, https:\/\/www.montendre.se\/wp-content\/uploads\/2025\/11\/IMG_6101-268x200.jpeg 268w, https:\/\/www.montendre.se\/wp-content\/uploads\/2025\/11\/IMG_6101-700x525.jpeg 700w, https:\/\/www.montendre.se\/wp-content\/uploads\/2025\/11\/IMG_6101.jpeg 1280w\" sizes=\"(max-width: 300px) 100vw, 300px\" \/><\/a><\/p>\n<p>Gick en sv\u00e4ng p\u00e5 dagens marknad. Marknaden har runt 400 f\u00f6rs\u00e4ljare. \u00c4r en blandning av vanlig torsdagsmarknad och nattmarknad. Men v\u00e4ldigt stort omr\u00e5de som den breder ut sig \u00f6ver. Den kallas ibland Foire de l&#8217;ail eller Foire Saint Martin.<\/p>\n<p><a href=\"https:\/\/www.montendre.se\/wp-content\/uploads\/2025\/11\/IMG_6095.jpeg\"><img loading=\"lazy\" decoding=\"async\" class=\"size-medium wp-image-7051 aligncenter\" src=\"https:\/\/www.montendre.se\/wp-content\/uploads\/2025\/11\/IMG_6095-300x225.jpeg\" alt=\"\" width=\"300\" height=\"225\" srcset=\"https:\/\/www.montendre.se\/wp-content\/uploads\/2025\/11\/IMG_6095-300x225.jpeg 300w, https:\/\/www.montendre.se\/wp-content\/uploads\/2025\/11\/IMG_6095-1024x768.jpeg 1024w, https:\/\/www.montendre.se\/wp-content\/uploads\/2025\/11\/IMG_6095-768x576.jpeg 768w, https:\/\/www.montendre.se\/wp-content\/uploads\/2025\/11\/IMG_6095-268x200.jpeg 268w, https:\/\/www.montendre.se\/wp-content\/uploads\/2025\/11\/IMG_6095-700x525.jpeg 700w, https:\/\/www.montendre.se\/wp-content\/uploads\/2025\/11\/IMG_6095.jpeg 1280w\" sizes=\"(max-width: 300px) 100vw, 300px\" \/><\/a>H\u00e4r \u00e4r stora gatan bort mot stationen (Av. de la R\u00e9publique) fylld med folk och f\u00f6rs\u00e4ljare.<\/p>\n<p><a href=\"https:\/\/www.montendre.se\/wp-content\/uploads\/2025\/11\/IMG_6098.jpeg\"><img loading=\"lazy\" decoding=\"async\" class=\"size-medium wp-image-7052 aligncenter\" src=\"https:\/\/www.montendre.se\/wp-content\/uploads\/2025\/11\/IMG_6098-225x300.jpeg\" alt=\"\" width=\"225\" height=\"300\" srcset=\"https:\/\/www.montendre.se\/wp-content\/uploads\/2025\/11\/IMG_6098-225x300.jpeg 225w, https:\/\/www.montendre.se\/wp-content\/uploads\/2025\/11\/IMG_6098-768x1024.jpeg 768w, https:\/\/www.montendre.se\/wp-content\/uploads\/2025\/11\/IMG_6098-700x933.jpeg 700w, https:\/\/www.montendre.se\/wp-content\/uploads\/2025\/11\/IMG_6098.jpeg 960w\" sizes=\"(max-width: 225px) 100vw, 225px\" \/><\/a><\/p>\n<p>Andra halvan av n\u00f6dmaten, pasta med ratatouille. Forts\u00e4tter med Legenden.<\/p>\n","protected":false},"excerpt":{"rendered":"<p>Mest sol idag men kyligt p\u00e5 morgonen. 19 grader p\u00e5 eftermiddagen. Forts\u00e4tter med f\u00f6nsternischen. Satt upp alla tr\u00e4delar nu f\u00f6rutom lite lister. Ska &#8221;bara&#8221; spackla och m\u00e5la. Har \u00e4ven b\u00f6rjat med att fixa det sista med elen i matrummet. Bakom soffan har det h\u00e4ngt en massa sladdar som ska in &#8230;<\/p>\n","protected":false},"author":1,"featured_media":0,"comment_status":"open","ping_status":"open","sticky":false,"template":"","format":"standard","meta":{"jetpack_post_was_ever_published":false,"_jetpack_newsletter_access":"","_jetpack_dont_email_post_to_subs":false,"_jetpack_newsletter_tier_id":0,"footnotes":""},"categories":[102],"tags":[],"jetpack_sharing_enabled":true,"jetpack_featured_media_url":"","_links":{"self":[{"href":"https:\/\/www.montendre.se\/index.php?rest_route=\/wp\/v2\/posts\/7048"}],"collection":[{"href":"https:\/\/www.montendre.se\/index.php?rest_route=\/wp\/v2\/posts"}],"about":[{"href":"https:\/\/www.montendre.se\/index.php?rest_route=\/wp\/v2\/types\/post"}],"author":[{"embeddable":true,"href":"https:\/\/www.montendre.se\/index.php?rest_route=\/wp\/v2\/users\/1"}],"replies":[{"embeddable":true,"href":"https:\/\/www.montendre.se\/index.php?rest_route=%2Fwp%2Fv2%2Fcomments&post=7048"}],"version-history":[{"count":6,"href":"https:\/\/www.montendre.se\/index.php?rest_route=\/wp\/v2\/posts\/7048\/revisions"}],"predecessor-version":[{"id":7057,"href":"https:\/\/www.montendre.se\/index.php?rest_route=\/wp\/v2\/posts\/7048\/revisions\/7057"}],"wp:attachment":[{"href":"https:\/\/www.montendre.se\/index.php?rest_route=%2Fwp%2Fv2%2Fmedia&parent=7048"}],"wp:term":[{"taxonomy":"category","embeddable":true,"href":"https:\/\/www.montendre.se\/index.php?rest_route=%2Fwp%2Fv2%2Fcategories&post=7048"},{"taxonomy":"post_tag","embeddable":true,"href":"https:\/\/www.montendre.se\/index.php?rest_route=%2Fwp%2Fv2%2Ftags&post=7048"}],"curies":[{"name":"wp","href":"https:\/\/api.w.org\/{rel}","templated":true}]}}