{"id":7021,"date":"2025-10-07T00:07:59","date_gmt":"2025-10-06T22:07:59","guid":{"rendered":"https:\/\/www.montendre.se\/?p=7021"},"modified":"2025-10-07T00:07:59","modified_gmt":"2025-10-06T22:07:59","slug":"6-oktober-2025","status":"publish","type":"post","link":"https:\/\/www.montendre.se\/?p=7021","title":{"rendered":"6 oktober 2025"},"content":{"rendered":"<p>Kyligt p\u00e5 morgonen, 8 grader bara men solen skiner.<\/p>\n<p>St\u00e4dar lite till och kan inte h\u00e5lla mig fr\u00e5n att m\u00e5la ett f\u00f6rsta lager p\u00e5 en del av f\u00f6nsternischen.<\/p>\n<p><a href=\"https:\/\/www.montendre.se\/wp-content\/uploads\/2025\/10\/IMG_6023.jpeg\"><img loading=\"lazy\" decoding=\"async\" class=\"size-medium wp-image-7022 aligncenter\" src=\"https:\/\/www.montendre.se\/wp-content\/uploads\/2025\/10\/IMG_6023-300x225.jpeg\" alt=\"\" width=\"300\" height=\"225\" srcset=\"https:\/\/www.montendre.se\/wp-content\/uploads\/2025\/10\/IMG_6023-300x225.jpeg 300w, https:\/\/www.montendre.se\/wp-content\/uploads\/2025\/10\/IMG_6023-1024x768.jpeg 1024w, https:\/\/www.montendre.se\/wp-content\/uploads\/2025\/10\/IMG_6023-768x576.jpeg 768w, https:\/\/www.montendre.se\/wp-content\/uploads\/2025\/10\/IMG_6023-268x200.jpeg 268w, https:\/\/www.montendre.se\/wp-content\/uploads\/2025\/10\/IMG_6023-700x525.jpeg 700w, https:\/\/www.montendre.se\/wp-content\/uploads\/2025\/10\/IMG_6023.jpeg 1280w\" sizes=\"(max-width: 300px) 100vw, 300px\" \/><\/a>L\u00e4ngst ner ska det bli m\u00f6rkgr\u00e5tt som p\u00e5 golvlisten till h\u00f6ger.<\/p>\n<p>K\u00e4kar lite lunch \u00e5ker sedan till flygplatsen. Planet ska g\u00e5 17:10, byte i AMS, framme i Stockholm 22:55. Allt flyter p\u00e5. Tar Arlanda express hem, men vete gudarna om det \u00e4r s\u00e5 bra n\u00e4r tunnelbanan bara g\u00e5r var 15:e minut.<\/p>\n","protected":false},"excerpt":{"rendered":"<p>Kyligt p\u00e5 morgonen, 8 grader bara men solen skiner. St\u00e4dar lite till och kan inte h\u00e5lla mig fr\u00e5n att m\u00e5la ett f\u00f6rsta lager p\u00e5 en del av f\u00f6nsternischen. L\u00e4ngst ner ska det bli m\u00f6rkgr\u00e5tt som p\u00e5 golvlisten till h\u00f6ger. K\u00e4kar lite lunch \u00e5ker sedan till flygplatsen. Planet ska g\u00e5 17:10, &#8230;<\/p>\n","protected":false},"author":1,"featured_media":0,"comment_status":"open","ping_status":"open","sticky":false,"template":"","format":"standard","meta":{"jetpack_post_was_ever_published":false,"_jetpack_newsletter_access":"","_jetpack_dont_email_post_to_subs":false,"_jetpack_newsletter_tier_id":0,"footnotes":""},"categories":[101],"tags":[],"jetpack_sharing_enabled":true,"jetpack_featured_media_url":"","_links":{"self":[{"href":"https:\/\/www.montendre.se\/index.php?rest_route=\/wp\/v2\/posts\/7021"}],"collection":[{"href":"https:\/\/www.montendre.se\/index.php?rest_route=\/wp\/v2\/posts"}],"about":[{"href":"https:\/\/www.montendre.se\/index.php?rest_route=\/wp\/v2\/types\/post"}],"author":[{"embeddable":true,"href":"https:\/\/www.montendre.se\/index.php?rest_route=\/wp\/v2\/users\/1"}],"replies":[{"embeddable":true,"href":"https:\/\/www.montendre.se\/index.php?rest_route=%2Fwp%2Fv2%2Fcomments&post=7021"}],"version-history":[{"count":2,"href":"https:\/\/www.montendre.se\/index.php?rest_route=\/wp\/v2\/posts\/7021\/revisions"}],"predecessor-version":[{"id":7024,"href":"https:\/\/www.montendre.se\/index.php?rest_route=\/wp\/v2\/posts\/7021\/revisions\/7024"}],"wp:attachment":[{"href":"https:\/\/www.montendre.se\/index.php?rest_route=%2Fwp%2Fv2%2Fmedia&parent=7021"}],"wp:term":[{"taxonomy":"category","embeddable":true,"href":"https:\/\/www.montendre.se\/index.php?rest_route=%2Fwp%2Fv2%2Fcategories&post=7021"},{"taxonomy":"post_tag","embeddable":true,"href":"https:\/\/www.montendre.se\/index.php?rest_route=%2Fwp%2Fv2%2Ftags&post=7021"}],"curies":[{"name":"wp","href":"https:\/\/api.w.org\/{rel}","templated":true}]}}