{"id":702,"date":"2011-09-08T15:29:00","date_gmt":"2011-09-08T13:29:00","guid":{"rendered":"http:\/\/www.montendre.se\/?p=702"},"modified":"2013-07-17T15:34:57","modified_gmt":"2013-07-17T13:34:57","slug":"8-september-2011","status":"publish","type":"post","link":"https:\/\/www.montendre.se\/?p=702","title":{"rendered":"8 september 2011"},"content":{"rendered":"<p>Lite regn n\u00e4r vi kom ner men varmt. Tr\u00e4dg\u00e5rden \u00e4r r\u00e4tt frodig kan man s\u00e4ga. Grannen Georges har jobbat h\u00e5rt i landet och utvidgat det.<\/p>\n<p><a href=\"http:\/\/www.montendre.se\/wp-content\/uploads\/2013\/07\/IMG_1335.jpg\"><img loading=\"lazy\" decoding=\"async\" class=\"aligncenter size-medium wp-image-703\" title=\"IMG_1335\" src=\"http:\/\/www.montendre.se\/wp-content\/uploads\/2013\/07\/IMG_1335-300x224.jpg\" alt=\"\" width=\"300\" height=\"224\" srcset=\"https:\/\/www.montendre.se\/wp-content\/uploads\/2013\/07\/IMG_1335-300x224.jpg 300w, https:\/\/www.montendre.se\/wp-content\/uploads\/2013\/07\/IMG_1335-1024x764.jpg 1024w, https:\/\/www.montendre.se\/wp-content\/uploads\/2013\/07\/IMG_1335-268x200.jpg 268w, https:\/\/www.montendre.se\/wp-content\/uploads\/2013\/07\/IMG_1335-700x522.jpg 700w\" sizes=\"(max-width: 300px) 100vw, 300px\" \/><\/a><\/p>\n<p>Grannen ringde ju tidigare i veckan och oroade sig f\u00f6r tomaterna. Vi f\u00f6rstod inte riktigt problemet tror jag. Det h\u00e4r hade han st\u00e4llt in i kylen:<\/p>\n<p><a href=\"http:\/\/www.montendre.se\/wp-content\/uploads\/2013\/07\/IMG_1336.jpg\"><img loading=\"lazy\" decoding=\"async\" class=\"aligncenter size-medium wp-image-704\" title=\"IMG_1336\" src=\"http:\/\/www.montendre.se\/wp-content\/uploads\/2013\/07\/IMG_1336-300x224.jpg\" alt=\"\" width=\"300\" height=\"224\" srcset=\"https:\/\/www.montendre.se\/wp-content\/uploads\/2013\/07\/IMG_1336-300x224.jpg 300w, https:\/\/www.montendre.se\/wp-content\/uploads\/2013\/07\/IMG_1336-1024x764.jpg 1024w, https:\/\/www.montendre.se\/wp-content\/uploads\/2013\/07\/IMG_1336-268x200.jpg 268w, https:\/\/www.montendre.se\/wp-content\/uploads\/2013\/07\/IMG_1336-700x522.jpg 700w\" sizes=\"(max-width: 300px) 100vw, 300px\" \/><\/a><\/p>\n<p>Alla bl\u00e5a druvor verkar ha mognat och fallit ner p\u00e5 marken f\u00f6r ett tag sedan. Gr\u00f6na druvor finns kvar.<\/p>\n<p><a href=\"http:\/\/www.montendre.se\/wp-content\/uploads\/2013\/07\/IMG_1334.jpg\"><img loading=\"lazy\" decoding=\"async\" class=\"aligncenter size-medium wp-image-705\" title=\"IMG_1334\" src=\"http:\/\/www.montendre.se\/wp-content\/uploads\/2013\/07\/IMG_1334-300x224.jpg\" alt=\"\" width=\"300\" height=\"224\" srcset=\"https:\/\/www.montendre.se\/wp-content\/uploads\/2013\/07\/IMG_1334-300x224.jpg 300w, https:\/\/www.montendre.se\/wp-content\/uploads\/2013\/07\/IMG_1334-1024x764.jpg 1024w, https:\/\/www.montendre.se\/wp-content\/uploads\/2013\/07\/IMG_1334-268x200.jpg 268w, https:\/\/www.montendre.se\/wp-content\/uploads\/2013\/07\/IMG_1334-700x522.jpg 700w\" sizes=\"(max-width: 300px) 100vw, 300px\" \/><\/a><\/p>\n<p>Mogna fikon:<\/p>\n<p><a href=\"http:\/\/www.montendre.se\/wp-content\/uploads\/2013\/07\/IMG_1337.jpg\"><img loading=\"lazy\" decoding=\"async\" class=\"aligncenter size-medium wp-image-706\" title=\"IMG_1337\" src=\"http:\/\/www.montendre.se\/wp-content\/uploads\/2013\/07\/IMG_1337-224x300.jpg\" alt=\"\" width=\"224\" height=\"300\" srcset=\"https:\/\/www.montendre.se\/wp-content\/uploads\/2013\/07\/IMG_1337-224x300.jpg 224w, https:\/\/www.montendre.se\/wp-content\/uploads\/2013\/07\/IMG_1337-764x1024.jpg 764w, https:\/\/www.montendre.se\/wp-content\/uploads\/2013\/07\/IMG_1337-700x937.jpg 700w, https:\/\/www.montendre.se\/wp-content\/uploads\/2013\/07\/IMG_1337.jpg 1936w\" sizes=\"(max-width: 224px) 100vw, 224px\" \/><\/a><\/p>\n<p>Skum frukt som p\u00e5minner om \u00e4pple till utseendet men v\u00e4xer direkt p\u00e5 grenen. N\u00e5gra id\u00e9er n\u00e5gon?<\/p>\n<p><a href=\"http:\/\/www.montendre.se\/wp-content\/uploads\/2013\/07\/IMG_1333.jpg\"><img loading=\"lazy\" decoding=\"async\" class=\"aligncenter size-medium wp-image-707\" title=\"IMG_1333\" src=\"http:\/\/www.montendre.se\/wp-content\/uploads\/2013\/07\/IMG_1333-300x224.jpg\" alt=\"\" width=\"300\" height=\"224\" srcset=\"https:\/\/www.montendre.se\/wp-content\/uploads\/2013\/07\/IMG_1333-300x224.jpg 300w, https:\/\/www.montendre.se\/wp-content\/uploads\/2013\/07\/IMG_1333-1024x764.jpg 1024w, https:\/\/www.montendre.se\/wp-content\/uploads\/2013\/07\/IMG_1333-268x200.jpg 268w, https:\/\/www.montendre.se\/wp-content\/uploads\/2013\/07\/IMG_1333-700x522.jpg 700w\" sizes=\"(max-width: 300px) 100vw, 300px\" \/><\/a><\/p>\n<p>Dessv\u00e4rre var det en d\u00e5lig nyhet ocks\u00e5. Tr\u00e4maskens \u00e5terkomst i matrummet. Jag har ringt utrotaren och han ska komma f\u00f6rbi p\u00e5 m\u00e5ndag och titta p\u00e5 det.<\/p>\n<p><a href=\"http:\/\/www.montendre.se\/wp-content\/uploads\/2013\/07\/IMG_1342.jpg\"><img loading=\"lazy\" decoding=\"async\" class=\"aligncenter size-medium wp-image-708\" title=\"IMG_1342\" src=\"http:\/\/www.montendre.se\/wp-content\/uploads\/2013\/07\/IMG_1342-300x224.jpg\" alt=\"\" width=\"300\" height=\"224\" srcset=\"https:\/\/www.montendre.se\/wp-content\/uploads\/2013\/07\/IMG_1342-300x224.jpg 300w, https:\/\/www.montendre.se\/wp-content\/uploads\/2013\/07\/IMG_1342-1024x764.jpg 1024w, https:\/\/www.montendre.se\/wp-content\/uploads\/2013\/07\/IMG_1342-268x200.jpg 268w, https:\/\/www.montendre.se\/wp-content\/uploads\/2013\/07\/IMG_1342-700x522.jpg 700w\" sizes=\"(max-width: 300px) 100vw, 300px\" \/><\/a><\/p>\n<p>&nbsp;<\/p>\n","protected":false},"excerpt":{"rendered":"<p>Lite regn n\u00e4r vi kom ner men varmt. Tr\u00e4dg\u00e5rden \u00e4r r\u00e4tt frodig kan man s\u00e4ga. Grannen Georges har jobbat h\u00e5rt i landet och utvidgat det. Grannen ringde ju tidigare i veckan och oroade sig f\u00f6r tomaterna. Vi f\u00f6rstod inte riktigt problemet tror jag. Det h\u00e4r hade han st\u00e4llt in i &#8230;<\/p>\n","protected":false},"author":1,"featured_media":0,"comment_status":"open","ping_status":"open","sticky":false,"template":"","format":"standard","meta":{"jetpack_post_was_ever_published":false,"_jetpack_newsletter_access":"","_jetpack_dont_email_post_to_subs":false,"_jetpack_newsletter_tier_id":0,"footnotes":""},"categories":[15],"tags":[],"jetpack_sharing_enabled":true,"jetpack_featured_media_url":"","_links":{"self":[{"href":"https:\/\/www.montendre.se\/index.php?rest_route=\/wp\/v2\/posts\/702"}],"collection":[{"href":"https:\/\/www.montendre.se\/index.php?rest_route=\/wp\/v2\/posts"}],"about":[{"href":"https:\/\/www.montendre.se\/index.php?rest_route=\/wp\/v2\/types\/post"}],"author":[{"embeddable":true,"href":"https:\/\/www.montendre.se\/index.php?rest_route=\/wp\/v2\/users\/1"}],"replies":[{"embeddable":true,"href":"https:\/\/www.montendre.se\/index.php?rest_route=%2Fwp%2Fv2%2Fcomments&post=702"}],"version-history":[{"count":1,"href":"https:\/\/www.montendre.se\/index.php?rest_route=\/wp\/v2\/posts\/702\/revisions"}],"predecessor-version":[{"id":709,"href":"https:\/\/www.montendre.se\/index.php?rest_route=\/wp\/v2\/posts\/702\/revisions\/709"}],"wp:attachment":[{"href":"https:\/\/www.montendre.se\/index.php?rest_route=%2Fwp%2Fv2%2Fmedia&parent=702"}],"wp:term":[{"taxonomy":"category","embeddable":true,"href":"https:\/\/www.montendre.se\/index.php?rest_route=%2Fwp%2Fv2%2Fcategories&post=702"},{"taxonomy":"post_tag","embeddable":true,"href":"https:\/\/www.montendre.se\/index.php?rest_route=%2Fwp%2Fv2%2Ftags&post=702"}],"curies":[{"name":"wp","href":"https:\/\/api.w.org\/{rel}","templated":true}]}}