{"id":6998,"date":"2025-10-05T20:30:17","date_gmt":"2025-10-05T18:30:17","guid":{"rendered":"https:\/\/www.montendre.se\/?p=6998"},"modified":"2025-10-05T20:30:17","modified_gmt":"2025-10-05T18:30:17","slug":"5-oktober-2025","status":"publish","type":"post","link":"https:\/\/www.montendre.se\/?p=6998","title":{"rendered":"5 oktober 2025"},"content":{"rendered":"<p>Lite v\u00e4xlande v\u00e4der idag och bara 17 grader. H\u00f6stlikt i morse n\u00e4r dalen (d\u00e4r Intermarch\u00e9 ligger) \u00e4r t\u00e4ckt av ett dimt\u00e4cke.<\/p>\n<p><a href=\"https:\/\/www.montendre.se\/wp-content\/uploads\/2025\/10\/IMG_6007.jpeg\"><img loading=\"lazy\" decoding=\"async\" class=\"size-medium wp-image-7013 aligncenter\" src=\"https:\/\/www.montendre.se\/wp-content\/uploads\/2025\/10\/IMG_6007-300x225.jpeg\" alt=\"\" width=\"300\" height=\"225\" srcset=\"https:\/\/www.montendre.se\/wp-content\/uploads\/2025\/10\/IMG_6007-300x225.jpeg 300w, https:\/\/www.montendre.se\/wp-content\/uploads\/2025\/10\/IMG_6007-1024x768.jpeg 1024w, https:\/\/www.montendre.se\/wp-content\/uploads\/2025\/10\/IMG_6007-768x576.jpeg 768w, https:\/\/www.montendre.se\/wp-content\/uploads\/2025\/10\/IMG_6007-268x200.jpeg 268w, https:\/\/www.montendre.se\/wp-content\/uploads\/2025\/10\/IMG_6007-700x525.jpeg 700w, https:\/\/www.montendre.se\/wp-content\/uploads\/2025\/10\/IMG_6007.jpeg 1280w\" sizes=\"(max-width: 300px) 100vw, 300px\" \/><\/a><\/p>\n<p>Fortsatt med f\u00f6nsternischen. R\u00e4knade ut att det \u00e4r runt 100 separata tr\u00e4detaljer som jag jobbar med. Och s\u00e5 beh\u00f6vs det ju lite spackel (sikaflex) mellan flera av dem. Pyssligt.<\/p>\n<p>Kommer v\u00e4l hinna klart med 75% av tr\u00e4arbetena i f\u00f6nsternischen. Sedan \u00e4r det ju m\u00e5lning ett par g\u00e5nger ocks\u00e5. F\u00e5r bli forts\u00e4ttning n\u00e4sta resa i november.<\/p>\n<p>Haft problem med n\u00e4tverket lokalt. En av enheterna som k\u00f6r ethernet \u00f6ver eln\u00e4tet slutade fungera. Lyckades dra en ethernetkabel uppifr\u00e5n vinden ner till k\u00e4llartrappen via h\u00e5ligheten bakom trappan. S\u00e5 nu blir det kabel i st\u00e4llet \ud83d\ude42<\/p>\n<p>Jag har en id\u00e9 ang\u00e5ende reglarna i trappan (5-6 stycken), som jag l\u00e4nge funderat p\u00e5 vad jag ska g\u00f6ra med. De \u00e4r ju bara &#8221;naket&#8221; tr\u00e4 just nu. Men jag funderar p\u00e5 om man ska g\u00f6ra s\u00e5 som man gjort ibland i \u00e4ldre hus att sektioner i en v\u00e4gg &#8221;ramas&#8221; in? S\u00e5 v\u00e4ggen kan vara vit medan reglarna blir gr\u00e5a och sticker ut en del med en list p\u00e5 vardera sida. Den enda bild jag hittar som kan visa ungef\u00e4r vad jag menar \u00e4r fr\u00e5n Christian och Ingrids hus i Bezier.<\/p>\n<p><a href=\"https:\/\/www.montendre.se\/wp-content\/uploads\/2025\/10\/IMG_4282.jpeg\"><img loading=\"lazy\" decoding=\"async\" class=\"size-medium wp-image-7000 aligncenter\" src=\"https:\/\/www.montendre.se\/wp-content\/uploads\/2025\/10\/IMG_4282-300x225.jpeg\" alt=\"\" width=\"300\" height=\"225\" srcset=\"https:\/\/www.montendre.se\/wp-content\/uploads\/2025\/10\/IMG_4282-300x225.jpeg 300w, https:\/\/www.montendre.se\/wp-content\/uploads\/2025\/10\/IMG_4282-1024x768.jpeg 1024w, https:\/\/www.montendre.se\/wp-content\/uploads\/2025\/10\/IMG_4282-768x576.jpeg 768w, https:\/\/www.montendre.se\/wp-content\/uploads\/2025\/10\/IMG_4282-268x200.jpeg 268w, https:\/\/www.montendre.se\/wp-content\/uploads\/2025\/10\/IMG_4282-700x525.jpeg 700w, https:\/\/www.montendre.se\/wp-content\/uploads\/2025\/10\/IMG_4282.jpeg 1280w\" sizes=\"(max-width: 300px) 100vw, 300px\" \/><\/a>H\u00e4r \u00e4r det ju bara m\u00e5lat vitt mellan sektionerna men jag t\u00e4nker mig en &#8221;utst\u00e5ende&#8221; regel som d\u00e5 \u00e4r gr\u00e5 medan v\u00e4ggen \u00e4r vit. S\u00e5 h\u00e4r ser det ut nu i trappan. Listen (regeln) kommer d\u00e5 komma mer i j\u00e4mnh\u00f6jd med sockeln i trappan.<\/p>\n<p><a href=\"https:\/\/www.montendre.se\/wp-content\/uploads\/2025\/10\/IMG_5969.jpeg\"><img loading=\"lazy\" decoding=\"async\" class=\"size-medium wp-image-7005 aligncenter\" src=\"https:\/\/www.montendre.se\/wp-content\/uploads\/2025\/10\/IMG_5969-225x300.jpeg\" alt=\"\" width=\"225\" height=\"300\" srcset=\"https:\/\/www.montendre.se\/wp-content\/uploads\/2025\/10\/IMG_5969-225x300.jpeg 225w, https:\/\/www.montendre.se\/wp-content\/uploads\/2025\/10\/IMG_5969-768x1024.jpeg 768w, https:\/\/www.montendre.se\/wp-content\/uploads\/2025\/10\/IMG_5969-700x933.jpeg 700w, https:\/\/www.montendre.se\/wp-content\/uploads\/2025\/10\/IMG_5969.jpeg 960w\" sizes=\"(max-width: 225px) 100vw, 225px\" \/><\/a>St\u00e4dat en del. K\u00f6rde ostron och pilgrimsmusslor idag ocks\u00e5.<\/p>\n","protected":false},"excerpt":{"rendered":"<p>Lite v\u00e4xlande v\u00e4der idag och bara 17 grader. H\u00f6stlikt i morse n\u00e4r dalen (d\u00e4r Intermarch\u00e9 ligger) \u00e4r t\u00e4ckt av ett dimt\u00e4cke. Fortsatt med f\u00f6nsternischen. R\u00e4knade ut att det \u00e4r runt 100 separata tr\u00e4detaljer som jag jobbar med. Och s\u00e5 beh\u00f6vs det ju lite spackel (sikaflex) mellan flera av dem. Pyssligt. &#8230;<\/p>\n","protected":false},"author":1,"featured_media":0,"comment_status":"open","ping_status":"open","sticky":false,"template":"","format":"standard","meta":{"jetpack_post_was_ever_published":false,"_jetpack_newsletter_access":"","_jetpack_dont_email_post_to_subs":false,"_jetpack_newsletter_tier_id":0,"footnotes":""},"categories":[101],"tags":[],"jetpack_sharing_enabled":true,"jetpack_featured_media_url":"","_links":{"self":[{"href":"https:\/\/www.montendre.se\/index.php?rest_route=\/wp\/v2\/posts\/6998"}],"collection":[{"href":"https:\/\/www.montendre.se\/index.php?rest_route=\/wp\/v2\/posts"}],"about":[{"href":"https:\/\/www.montendre.se\/index.php?rest_route=\/wp\/v2\/types\/post"}],"author":[{"embeddable":true,"href":"https:\/\/www.montendre.se\/index.php?rest_route=\/wp\/v2\/users\/1"}],"replies":[{"embeddable":true,"href":"https:\/\/www.montendre.se\/index.php?rest_route=%2Fwp%2Fv2%2Fcomments&post=6998"}],"version-history":[{"count":18,"href":"https:\/\/www.montendre.se\/index.php?rest_route=\/wp\/v2\/posts\/6998\/revisions"}],"predecessor-version":[{"id":7019,"href":"https:\/\/www.montendre.se\/index.php?rest_route=\/wp\/v2\/posts\/6998\/revisions\/7019"}],"wp:attachment":[{"href":"https:\/\/www.montendre.se\/index.php?rest_route=%2Fwp%2Fv2%2Fmedia&parent=6998"}],"wp:term":[{"taxonomy":"category","embeddable":true,"href":"https:\/\/www.montendre.se\/index.php?rest_route=%2Fwp%2Fv2%2Fcategories&post=6998"},{"taxonomy":"post_tag","embeddable":true,"href":"https:\/\/www.montendre.se\/index.php?rest_route=%2Fwp%2Fv2%2Ftags&post=6998"}],"curies":[{"name":"wp","href":"https:\/\/api.w.org\/{rel}","templated":true}]}}