{"id":6990,"date":"2025-10-04T21:07:58","date_gmt":"2025-10-04T19:07:58","guid":{"rendered":"https:\/\/www.montendre.se\/?p=6990"},"modified":"2025-10-04T21:07:58","modified_gmt":"2025-10-04T19:07:58","slug":"4-oktober-2025","status":"publish","type":"post","link":"https:\/\/www.montendre.se\/?p=6990","title":{"rendered":"4 oktober 2025"},"content":{"rendered":"<p>Regnade fram till tretiden. Gr\u00e5tt, trist v\u00e4der. Sedan kom solen fram och det blev 18 grader.<\/p>\n<p>Jag har fortsatt med f\u00f6nsternischen f\u00f6rst\u00e5s. Nu har speglarna under och bredvid f\u00f6nstret f\u00e5tt sina yttre delar klara.<\/p>\n<p><a href=\"https:\/\/www.montendre.se\/wp-content\/uploads\/2025\/10\/IMG_6001.jpeg\"><img loading=\"lazy\" decoding=\"async\" class=\"size-medium wp-image-6991 aligncenter\" src=\"https:\/\/www.montendre.se\/wp-content\/uploads\/2025\/10\/IMG_6001-225x300.jpeg\" alt=\"\" width=\"225\" height=\"300\" srcset=\"https:\/\/www.montendre.se\/wp-content\/uploads\/2025\/10\/IMG_6001-225x300.jpeg 225w, https:\/\/www.montendre.se\/wp-content\/uploads\/2025\/10\/IMG_6001-768x1024.jpeg 768w, https:\/\/www.montendre.se\/wp-content\/uploads\/2025\/10\/IMG_6001-700x933.jpeg 700w, https:\/\/www.montendre.se\/wp-content\/uploads\/2025\/10\/IMG_6001.jpeg 960w\" sizes=\"(max-width: 225px) 100vw, 225px\" \/><\/a><a href=\"https:\/\/www.montendre.se\/wp-content\/uploads\/2025\/10\/IMG_6002.jpeg\"><img loading=\"lazy\" decoding=\"async\" class=\"size-medium wp-image-6992 aligncenter\" src=\"https:\/\/www.montendre.se\/wp-content\/uploads\/2025\/10\/IMG_6002-300x225.jpeg\" alt=\"\" width=\"300\" height=\"225\" srcset=\"https:\/\/www.montendre.se\/wp-content\/uploads\/2025\/10\/IMG_6002-300x225.jpeg 300w, https:\/\/www.montendre.se\/wp-content\/uploads\/2025\/10\/IMG_6002-1024x768.jpeg 1024w, https:\/\/www.montendre.se\/wp-content\/uploads\/2025\/10\/IMG_6002-768x576.jpeg 768w, https:\/\/www.montendre.se\/wp-content\/uploads\/2025\/10\/IMG_6002-268x200.jpeg 268w, https:\/\/www.montendre.se\/wp-content\/uploads\/2025\/10\/IMG_6002-700x525.jpeg 700w, https:\/\/www.montendre.se\/wp-content\/uploads\/2025\/10\/IMG_6002.jpeg 1280w\" sizes=\"(max-width: 300px) 100vw, 300px\" \/><\/a><\/p>\n<p>Fick ramar fr\u00e5n Ikea idag. Ska vara till affischerna vi k\u00f6pte i augusti.<\/p>\n<p><a href=\"https:\/\/www.montendre.se\/wp-content\/uploads\/2025\/10\/IMG_6004.jpeg\"><img loading=\"lazy\" decoding=\"async\" class=\"size-medium wp-image-6993 aligncenter\" src=\"https:\/\/www.montendre.se\/wp-content\/uploads\/2025\/10\/IMG_6004-225x300.jpeg\" alt=\"\" width=\"225\" height=\"300\" srcset=\"https:\/\/www.montendre.se\/wp-content\/uploads\/2025\/10\/IMG_6004-225x300.jpeg 225w, https:\/\/www.montendre.se\/wp-content\/uploads\/2025\/10\/IMG_6004-768x1024.jpeg 768w, https:\/\/www.montendre.se\/wp-content\/uploads\/2025\/10\/IMG_6004-700x933.jpeg 700w, https:\/\/www.montendre.se\/wp-content\/uploads\/2025\/10\/IMG_6004.jpeg 960w\" sizes=\"(max-width: 225px) 100vw, 225px\" \/><\/a>Pilgrimsmusslor till middag. N\u00e5gra ostron som f\u00f6rr\u00e4tt.<\/p>\n<p><a href=\"https:\/\/www.montendre.se\/wp-content\/uploads\/2025\/10\/IMG_5999.jpeg\"><img loading=\"lazy\" decoding=\"async\" class=\"size-medium wp-image-6994 aligncenter\" src=\"https:\/\/www.montendre.se\/wp-content\/uploads\/2025\/10\/IMG_5999-300x225.jpeg\" alt=\"\" width=\"300\" height=\"225\" srcset=\"https:\/\/www.montendre.se\/wp-content\/uploads\/2025\/10\/IMG_5999-300x225.jpeg 300w, https:\/\/www.montendre.se\/wp-content\/uploads\/2025\/10\/IMG_5999-1024x768.jpeg 1024w, https:\/\/www.montendre.se\/wp-content\/uploads\/2025\/10\/IMG_5999-768x576.jpeg 768w, https:\/\/www.montendre.se\/wp-content\/uploads\/2025\/10\/IMG_5999-268x200.jpeg 268w, https:\/\/www.montendre.se\/wp-content\/uploads\/2025\/10\/IMG_5999-700x525.jpeg 700w, https:\/\/www.montendre.se\/wp-content\/uploads\/2025\/10\/IMG_5999.jpeg 1280w\" sizes=\"(max-width: 300px) 100vw, 300px\" \/><\/a><\/p>\n","protected":false},"excerpt":{"rendered":"<p>Regnade fram till tretiden. Gr\u00e5tt, trist v\u00e4der. Sedan kom solen fram och det blev 18 grader. Jag har fortsatt med f\u00f6nsternischen f\u00f6rst\u00e5s. Nu har speglarna under och bredvid f\u00f6nstret f\u00e5tt sina yttre delar klara. Fick ramar fr\u00e5n Ikea idag. Ska vara till affischerna vi k\u00f6pte i augusti. Pilgrimsmusslor till middag. &#8230;<\/p>\n","protected":false},"author":1,"featured_media":0,"comment_status":"open","ping_status":"open","sticky":false,"template":"","format":"standard","meta":{"jetpack_post_was_ever_published":false,"_jetpack_newsletter_access":"","_jetpack_dont_email_post_to_subs":false,"_jetpack_newsletter_tier_id":0,"footnotes":""},"categories":[101],"tags":[],"jetpack_sharing_enabled":true,"jetpack_featured_media_url":"","_links":{"self":[{"href":"https:\/\/www.montendre.se\/index.php?rest_route=\/wp\/v2\/posts\/6990"}],"collection":[{"href":"https:\/\/www.montendre.se\/index.php?rest_route=\/wp\/v2\/posts"}],"about":[{"href":"https:\/\/www.montendre.se\/index.php?rest_route=\/wp\/v2\/types\/post"}],"author":[{"embeddable":true,"href":"https:\/\/www.montendre.se\/index.php?rest_route=\/wp\/v2\/users\/1"}],"replies":[{"embeddable":true,"href":"https:\/\/www.montendre.se\/index.php?rest_route=%2Fwp%2Fv2%2Fcomments&post=6990"}],"version-history":[{"count":2,"href":"https:\/\/www.montendre.se\/index.php?rest_route=\/wp\/v2\/posts\/6990\/revisions"}],"predecessor-version":[{"id":6996,"href":"https:\/\/www.montendre.se\/index.php?rest_route=\/wp\/v2\/posts\/6990\/revisions\/6996"}],"wp:attachment":[{"href":"https:\/\/www.montendre.se\/index.php?rest_route=%2Fwp%2Fv2%2Fmedia&parent=6990"}],"wp:term":[{"taxonomy":"category","embeddable":true,"href":"https:\/\/www.montendre.se\/index.php?rest_route=%2Fwp%2Fv2%2Fcategories&post=6990"},{"taxonomy":"post_tag","embeddable":true,"href":"https:\/\/www.montendre.se\/index.php?rest_route=%2Fwp%2Fv2%2Ftags&post=6990"}],"curies":[{"name":"wp","href":"https:\/\/api.w.org\/{rel}","templated":true}]}}