{"id":6959,"date":"2025-10-02T20:58:55","date_gmt":"2025-10-02T18:58:55","guid":{"rendered":"https:\/\/www.montendre.se\/?p=6959"},"modified":"2025-10-02T20:58:55","modified_gmt":"2025-10-02T18:58:55","slug":"2-oktober-2025","status":"publish","type":"post","link":"https:\/\/www.montendre.se\/?p=6959","title":{"rendered":"2 oktober 2025"},"content":{"rendered":"<p>Mestadels soligt, 23 grader.<\/p>\n<p>Mina fuktm\u00e4tare slutar ju fungera efter ett tag. Ofta \u00e4r det batteriet som inte laddas upp tillr\u00e4ckligt av solen. F\u00f6rmodligen beror p\u00e5 den bel\u00e4ggning som solcellerna b\u00f6rjat f\u00e5. Jag testar att skrapa bort den nu s\u00e5 f\u00e5r vi se om det blir b\u00e4ttre.<\/p>\n<p><a href=\"https:\/\/www.montendre.se\/wp-content\/uploads\/2025\/10\/IMG_5960.jpeg\"><img loading=\"lazy\" decoding=\"async\" class=\"size-medium wp-image-6968 aligncenter\" src=\"https:\/\/www.montendre.se\/wp-content\/uploads\/2025\/10\/IMG_5960-300x225.jpeg\" alt=\"\" width=\"300\" height=\"225\" srcset=\"https:\/\/www.montendre.se\/wp-content\/uploads\/2025\/10\/IMG_5960-300x225.jpeg 300w, https:\/\/www.montendre.se\/wp-content\/uploads\/2025\/10\/IMG_5960-1024x768.jpeg 1024w, https:\/\/www.montendre.se\/wp-content\/uploads\/2025\/10\/IMG_5960-768x576.jpeg 768w, https:\/\/www.montendre.se\/wp-content\/uploads\/2025\/10\/IMG_5960-268x200.jpeg 268w, https:\/\/www.montendre.se\/wp-content\/uploads\/2025\/10\/IMG_5960-700x525.jpeg 700w, https:\/\/www.montendre.se\/wp-content\/uploads\/2025\/10\/IMG_5960.jpeg 1280w\" sizes=\"(max-width: 300px) 100vw, 300px\" \/><\/a><\/p>\n<p>Det finns en del cyklamen, dels vid uthuset men ocks\u00e5 ute i gr\u00e4smattan vid ett gammalt persikotr\u00e4d.<\/p>\n<p><a href=\"https:\/\/www.montendre.se\/wp-content\/uploads\/2025\/10\/IMG_5941.jpeg\"><img loading=\"lazy\" decoding=\"async\" class=\"size-medium wp-image-6962 aligncenter\" src=\"https:\/\/www.montendre.se\/wp-content\/uploads\/2025\/10\/IMG_5941-225x300.jpeg\" alt=\"\" width=\"225\" height=\"300\" srcset=\"https:\/\/www.montendre.se\/wp-content\/uploads\/2025\/10\/IMG_5941-225x300.jpeg 225w, https:\/\/www.montendre.se\/wp-content\/uploads\/2025\/10\/IMG_5941-768x1024.jpeg 768w, https:\/\/www.montendre.se\/wp-content\/uploads\/2025\/10\/IMG_5941-700x933.jpeg 700w, https:\/\/www.montendre.se\/wp-content\/uploads\/2025\/10\/IMG_5941.jpeg 960w\" sizes=\"(max-width: 225px) 100vw, 225px\" \/><\/a><a href=\"https:\/\/www.montendre.se\/wp-content\/uploads\/2025\/10\/IMG_5936.jpeg\"><img loading=\"lazy\" decoding=\"async\" class=\"size-medium wp-image-6963 aligncenter\" src=\"https:\/\/www.montendre.se\/wp-content\/uploads\/2025\/10\/IMG_5936-300x225.jpeg\" alt=\"\" width=\"300\" height=\"225\" srcset=\"https:\/\/www.montendre.se\/wp-content\/uploads\/2025\/10\/IMG_5936-300x225.jpeg 300w, https:\/\/www.montendre.se\/wp-content\/uploads\/2025\/10\/IMG_5936-1024x768.jpeg 1024w, https:\/\/www.montendre.se\/wp-content\/uploads\/2025\/10\/IMG_5936-768x576.jpeg 768w, https:\/\/www.montendre.se\/wp-content\/uploads\/2025\/10\/IMG_5936-268x200.jpeg 268w, https:\/\/www.montendre.se\/wp-content\/uploads\/2025\/10\/IMG_5936-700x525.jpeg 700w, https:\/\/www.montendre.se\/wp-content\/uploads\/2025\/10\/IMG_5936.jpeg 1280w\" sizes=\"(max-width: 300px) 100vw, 300px\" \/><\/a><\/p>\n<p>Det verkar som magnolian klarat sig trots v\u00e4rmen i somras. En hel del nya gr\u00f6na blad.<a href=\"https:\/\/www.montendre.se\/wp-content\/uploads\/2025\/10\/IMG_5940.jpeg\"><img loading=\"lazy\" decoding=\"async\" class=\"size-medium wp-image-6964 aligncenter\" src=\"https:\/\/www.montendre.se\/wp-content\/uploads\/2025\/10\/IMG_5940-225x300.jpeg\" alt=\"\" width=\"225\" height=\"300\" srcset=\"https:\/\/www.montendre.se\/wp-content\/uploads\/2025\/10\/IMG_5940-225x300.jpeg 225w, https:\/\/www.montendre.se\/wp-content\/uploads\/2025\/10\/IMG_5940-768x1024.jpeg 768w, https:\/\/www.montendre.se\/wp-content\/uploads\/2025\/10\/IMG_5940-700x933.jpeg 700w, https:\/\/www.montendre.se\/wp-content\/uploads\/2025\/10\/IMG_5940.jpeg 960w\" sizes=\"(max-width: 225px) 100vw, 225px\" \/><\/a><\/p>\n<p>Inga valn\u00f6tter men det \u00e4r v\u00e4l f\u00f6r att det \u00e4r ett rotskott som f\u00f6rmodligen inte kan f\u00e5 blommor.<\/p>\n<p>N\u00e5gra av blommorna i l\u00e5dorna har klarat sig i alla fall.<\/p>\n<p><a href=\"https:\/\/www.montendre.se\/wp-content\/uploads\/2025\/10\/IMG_5943.jpeg\"><img loading=\"lazy\" decoding=\"async\" class=\"size-medium wp-image-6965 aligncenter\" src=\"https:\/\/www.montendre.se\/wp-content\/uploads\/2025\/10\/IMG_5943-300x225.jpeg\" alt=\"\" width=\"300\" height=\"225\" srcset=\"https:\/\/www.montendre.se\/wp-content\/uploads\/2025\/10\/IMG_5943-300x225.jpeg 300w, https:\/\/www.montendre.se\/wp-content\/uploads\/2025\/10\/IMG_5943-1024x768.jpeg 1024w, https:\/\/www.montendre.se\/wp-content\/uploads\/2025\/10\/IMG_5943-768x576.jpeg 768w, https:\/\/www.montendre.se\/wp-content\/uploads\/2025\/10\/IMG_5943-268x200.jpeg 268w, https:\/\/www.montendre.se\/wp-content\/uploads\/2025\/10\/IMG_5943-700x525.jpeg 700w, https:\/\/www.montendre.se\/wp-content\/uploads\/2025\/10\/IMG_5943.jpeg 1280w\" sizes=\"(max-width: 300px) 100vw, 300px\" \/><\/a>Jag testar att s\u00e5 en gr\u00e4ssort som ska klara torka b\u00e4ttre \u00e4n andra. G\u00f6r det bara p\u00e5 en liten pl\u00e4tt f\u00f6r att se hur det blir.<\/p>\n<p><a href=\"https:\/\/www.montendre.se\/wp-content\/uploads\/2025\/10\/IMG_5961.jpeg\"><img loading=\"lazy\" decoding=\"async\" class=\"size-medium wp-image-6969 aligncenter\" src=\"https:\/\/www.montendre.se\/wp-content\/uploads\/2025\/10\/IMG_5961-225x300.jpeg\" alt=\"\" width=\"225\" height=\"300\" srcset=\"https:\/\/www.montendre.se\/wp-content\/uploads\/2025\/10\/IMG_5961-225x300.jpeg 225w, https:\/\/www.montendre.se\/wp-content\/uploads\/2025\/10\/IMG_5961-768x1024.jpeg 768w, https:\/\/www.montendre.se\/wp-content\/uploads\/2025\/10\/IMG_5961-700x933.jpeg 700w, https:\/\/www.montendre.se\/wp-content\/uploads\/2025\/10\/IMG_5961.jpeg 960w\" sizes=\"(max-width: 225px) 100vw, 225px\" \/><\/a><\/p>\n<p>Det \u00e4r lite st\u00f6kigt ute p\u00e5 gatan f\u00f6r de g\u00f6r i ordning det lilla torget precis d\u00e4r gatan slutar. D\u00e4r v\u00e4xte ju antal fina tr\u00e4d f\u00f6rut men tydligen var de v\u00e4ldigt skadade och beh\u00f6vde f\u00e4llas. Och i samband med det g\u00f6r man i ordning allt runt omkring. S\u00e5 lite avst\u00e4ngt f\u00f6r biltrafik d\u00e5 och d\u00e5.<\/p>\n<p><a href=\"https:\/\/www.montendre.se\/wp-content\/uploads\/2025\/10\/IMG_5947.jpeg\"><img loading=\"lazy\" decoding=\"async\" class=\"size-medium wp-image-6966 aligncenter\" src=\"https:\/\/www.montendre.se\/wp-content\/uploads\/2025\/10\/IMG_5947-300x225.jpeg\" alt=\"\" width=\"300\" height=\"225\" srcset=\"https:\/\/www.montendre.se\/wp-content\/uploads\/2025\/10\/IMG_5947-300x225.jpeg 300w, https:\/\/www.montendre.se\/wp-content\/uploads\/2025\/10\/IMG_5947-1024x768.jpeg 1024w, https:\/\/www.montendre.se\/wp-content\/uploads\/2025\/10\/IMG_5947-768x576.jpeg 768w, https:\/\/www.montendre.se\/wp-content\/uploads\/2025\/10\/IMG_5947-268x200.jpeg 268w, https:\/\/www.montendre.se\/wp-content\/uploads\/2025\/10\/IMG_5947-700x525.jpeg 700w, https:\/\/www.montendre.se\/wp-content\/uploads\/2025\/10\/IMG_5947.jpeg 1280w\" sizes=\"(max-width: 300px) 100vw, 300px\" \/><\/a>N\u00e4r vi hade grannarna \u00f6ver p\u00e5 aperitif i augusti ber\u00e4ttade de att Rue du Nord (d\u00e4r huset ligger allts\u00e5) betraktas(des?) som den lite finare gatan i Montendre d\u00e4r flera stora fina hus ligger.<\/p>\n<p>B\u00f6rjat fixa med f\u00f6nsternischen i matrummet. Sv\u00e5raste delen \u00e4r ju \u00f6verg\u00e5ngen fr\u00e5n befintligt till nytt. S\u00e5 jag b\u00f6rjade med listerna l\u00e4ngst ner. Lite pyssel.<\/p>\n<p><a href=\"https:\/\/www.montendre.se\/wp-content\/uploads\/2025\/10\/IMG_5966.jpeg\"><img loading=\"lazy\" decoding=\"async\" class=\"size-medium wp-image-6973 aligncenter\" src=\"https:\/\/www.montendre.se\/wp-content\/uploads\/2025\/10\/IMG_5966-300x225.jpeg\" alt=\"\" width=\"300\" height=\"225\" srcset=\"https:\/\/www.montendre.se\/wp-content\/uploads\/2025\/10\/IMG_5966-300x225.jpeg 300w, https:\/\/www.montendre.se\/wp-content\/uploads\/2025\/10\/IMG_5966-1024x768.jpeg 1024w, https:\/\/www.montendre.se\/wp-content\/uploads\/2025\/10\/IMG_5966-768x576.jpeg 768w, https:\/\/www.montendre.se\/wp-content\/uploads\/2025\/10\/IMG_5966-268x200.jpeg 268w, https:\/\/www.montendre.se\/wp-content\/uploads\/2025\/10\/IMG_5966-700x525.jpeg 700w, https:\/\/www.montendre.se\/wp-content\/uploads\/2025\/10\/IMG_5966.jpeg 1280w\" sizes=\"(max-width: 300px) 100vw, 300px\" \/><\/a>Middag p\u00e5 Quincaillerian. Bra som s\u00e5 ofta. Kantareller i b\u00e5de f\u00f6rr\u00e4tt och huvudr\u00e4tt. Var nio personer d\u00e4r s\u00e5 hyfsat i alla fall.<\/p>\n<p>Forts\u00e4tter med Kommisarie Rebus. Men har ocks\u00e5 b\u00f6rjat titta p\u00e5 filmen &#8221;Don&#8217;t look up&#8221; (Netflix).<\/p>\n","protected":false},"excerpt":{"rendered":"<p>Mestadels soligt, 23 grader. Mina fuktm\u00e4tare slutar ju fungera efter ett tag. Ofta \u00e4r det batteriet som inte laddas upp tillr\u00e4ckligt av solen. F\u00f6rmodligen beror p\u00e5 den bel\u00e4ggning som solcellerna b\u00f6rjat f\u00e5. Jag testar att skrapa bort den nu s\u00e5 f\u00e5r vi se om det blir b\u00e4ttre. Det finns en &#8230;<\/p>\n","protected":false},"author":1,"featured_media":0,"comment_status":"open","ping_status":"open","sticky":false,"template":"","format":"standard","meta":{"jetpack_post_was_ever_published":false,"_jetpack_newsletter_access":"","_jetpack_dont_email_post_to_subs":false,"_jetpack_newsletter_tier_id":0,"footnotes":""},"categories":[101],"tags":[],"jetpack_sharing_enabled":true,"jetpack_featured_media_url":"","_links":{"self":[{"href":"https:\/\/www.montendre.se\/index.php?rest_route=\/wp\/v2\/posts\/6959"}],"collection":[{"href":"https:\/\/www.montendre.se\/index.php?rest_route=\/wp\/v2\/posts"}],"about":[{"href":"https:\/\/www.montendre.se\/index.php?rest_route=\/wp\/v2\/types\/post"}],"author":[{"embeddable":true,"href":"https:\/\/www.montendre.se\/index.php?rest_route=\/wp\/v2\/users\/1"}],"replies":[{"embeddable":true,"href":"https:\/\/www.montendre.se\/index.php?rest_route=%2Fwp%2Fv2%2Fcomments&post=6959"}],"version-history":[{"count":10,"href":"https:\/\/www.montendre.se\/index.php?rest_route=\/wp\/v2\/posts\/6959\/revisions"}],"predecessor-version":[{"id":6977,"href":"https:\/\/www.montendre.se\/index.php?rest_route=\/wp\/v2\/posts\/6959\/revisions\/6977"}],"wp:attachment":[{"href":"https:\/\/www.montendre.se\/index.php?rest_route=%2Fwp%2Fv2%2Fmedia&parent=6959"}],"wp:term":[{"taxonomy":"category","embeddable":true,"href":"https:\/\/www.montendre.se\/index.php?rest_route=%2Fwp%2Fv2%2Fcategories&post=6959"},{"taxonomy":"post_tag","embeddable":true,"href":"https:\/\/www.montendre.se\/index.php?rest_route=%2Fwp%2Fv2%2Ftags&post=6959"}],"curies":[{"name":"wp","href":"https:\/\/api.w.org\/{rel}","templated":true}]}}