{"id":6935,"date":"2025-08-08T21:34:46","date_gmt":"2025-08-08T19:34:46","guid":{"rendered":"https:\/\/www.montendre.se\/?p=6935"},"modified":"2025-08-08T21:35:40","modified_gmt":"2025-08-08T19:35:40","slug":"8-augusti-2025","status":"publish","type":"post","link":"https:\/\/www.montendre.se\/?p=6935","title":{"rendered":"8 augusti 2025"},"content":{"rendered":"<p>Soligt och varmt, 34 grader.<\/p>\n<p>M\u00e5lade lite lister till nischen i matrummet.<\/p>\n<p>\u00c5kte ut och k\u00e4kade lunch p\u00e5 <a href=\"https:\/\/www.fruitsdemer-lesvivierscharentais.fr\" target=\"_blank\" rel=\"noopener\">Viviers-Charentais<\/a>. Gott, sedan lite bad vid La Grande C\u00f4te.<\/p>\n<p>B\u00f6nderna har lekt lite.<\/p>\n<p><a href=\"https:\/\/www.montendre.se\/wp-content\/uploads\/2025\/08\/IMG_5583.jpeg\"><img loading=\"lazy\" decoding=\"async\" class=\"size-medium wp-image-6937 aligncenter\" src=\"https:\/\/www.montendre.se\/wp-content\/uploads\/2025\/08\/IMG_5583-209x300.jpeg\" alt=\"\" width=\"209\" height=\"300\" srcset=\"https:\/\/www.montendre.se\/wp-content\/uploads\/2025\/08\/IMG_5583-209x300.jpeg 209w, https:\/\/www.montendre.se\/wp-content\/uploads\/2025\/08\/IMG_5583-714x1024.jpeg 714w, https:\/\/www.montendre.se\/wp-content\/uploads\/2025\/08\/IMG_5583-768x1101.jpeg 768w, https:\/\/www.montendre.se\/wp-content\/uploads\/2025\/08\/IMG_5583-700x1003.jpeg 700w, https:\/\/www.montendre.se\/wp-content\/uploads\/2025\/08\/IMG_5583.jpeg 893w\" sizes=\"(max-width: 209px) 100vw, 209px\" \/><\/a><\/p>\n<p>Klippo har r\u00e5kat klippa s\u00f6nder en del av vattenslangen.<\/p>\n<p><a href=\"https:\/\/www.montendre.se\/wp-content\/uploads\/2025\/08\/IMG_5704.jpeg\"><img loading=\"lazy\" decoding=\"async\" class=\"size-medium wp-image-6938 aligncenter\" src=\"https:\/\/www.montendre.se\/wp-content\/uploads\/2025\/08\/IMG_5704-225x300.jpeg\" alt=\"\" width=\"225\" height=\"300\" srcset=\"https:\/\/www.montendre.se\/wp-content\/uploads\/2025\/08\/IMG_5704-225x300.jpeg 225w, https:\/\/www.montendre.se\/wp-content\/uploads\/2025\/08\/IMG_5704-768x1024.jpeg 768w, https:\/\/www.montendre.se\/wp-content\/uploads\/2025\/08\/IMG_5704-700x933.jpeg 700w, https:\/\/www.montendre.se\/wp-content\/uploads\/2025\/08\/IMG_5704.jpeg 960w\" sizes=\"(max-width: 225px) 100vw, 225px\" \/><\/a>Bj\u00f6d \u00f6ver grannarna Jaques och Monique p\u00e5 aperitif. Trevligt.<\/p>\n<p>Grillad ryggbiff till middag.<\/p>\n<p>&nbsp;<\/p>\n","protected":false},"excerpt":{"rendered":"<p>Soligt och varmt, 34 grader. M\u00e5lade lite lister till nischen i matrummet. \u00c5kte ut och k\u00e4kade lunch p\u00e5 Viviers-Charentais. Gott, sedan lite bad vid La Grande C\u00f4te. B\u00f6nderna har lekt lite. Klippo har r\u00e5kat klippa s\u00f6nder en del av vattenslangen. Bj\u00f6d \u00f6ver grannarna Jaques och Monique p\u00e5 aperitif. Trevligt. Grillad &#8230;<\/p>\n","protected":false},"author":1,"featured_media":0,"comment_status":"open","ping_status":"open","sticky":false,"template":"","format":"standard","meta":{"jetpack_post_was_ever_published":false,"_jetpack_newsletter_access":"","_jetpack_dont_email_post_to_subs":false,"_jetpack_newsletter_tier_id":0,"footnotes":""},"categories":[100],"tags":[],"jetpack_sharing_enabled":true,"jetpack_featured_media_url":"","_links":{"self":[{"href":"https:\/\/www.montendre.se\/index.php?rest_route=\/wp\/v2\/posts\/6935"}],"collection":[{"href":"https:\/\/www.montendre.se\/index.php?rest_route=\/wp\/v2\/posts"}],"about":[{"href":"https:\/\/www.montendre.se\/index.php?rest_route=\/wp\/v2\/types\/post"}],"author":[{"embeddable":true,"href":"https:\/\/www.montendre.se\/index.php?rest_route=\/wp\/v2\/users\/1"}],"replies":[{"embeddable":true,"href":"https:\/\/www.montendre.se\/index.php?rest_route=%2Fwp%2Fv2%2Fcomments&post=6935"}],"version-history":[{"count":4,"href":"https:\/\/www.montendre.se\/index.php?rest_route=\/wp\/v2\/posts\/6935\/revisions"}],"predecessor-version":[{"id":6941,"href":"https:\/\/www.montendre.se\/index.php?rest_route=\/wp\/v2\/posts\/6935\/revisions\/6941"}],"wp:attachment":[{"href":"https:\/\/www.montendre.se\/index.php?rest_route=%2Fwp%2Fv2%2Fmedia&parent=6935"}],"wp:term":[{"taxonomy":"category","embeddable":true,"href":"https:\/\/www.montendre.se\/index.php?rest_route=%2Fwp%2Fv2%2Fcategories&post=6935"},{"taxonomy":"post_tag","embeddable":true,"href":"https:\/\/www.montendre.se\/index.php?rest_route=%2Fwp%2Fv2%2Ftags&post=6935"}],"curies":[{"name":"wp","href":"https:\/\/api.w.org\/{rel}","templated":true}]}}