{"id":6918,"date":"2025-08-06T23:16:45","date_gmt":"2025-08-06T21:16:45","guid":{"rendered":"https:\/\/www.montendre.se\/?p=6918"},"modified":"2025-08-06T23:16:45","modified_gmt":"2025-08-06T21:16:45","slug":"6-augusti-2025","status":"publish","type":"post","link":"https:\/\/www.montendre.se\/?p=6918","title":{"rendered":"6 augusti 2025"},"content":{"rendered":"<p>Molnigt och lite kyligt p\u00e5 morgonen, 14-15 grader s\u00e5 det blev frukost inne. Sedan kom solen fram och det blev 30 grader p\u00e5 eftermiddagen.<\/p>\n<p>Jag har m\u00e5lat lite lister och s\u00e5 fixade vi med k\u00f6kssk\u00e5pen. Satte fast tv\u00e5 stycken med vinkelj\u00e4rn. De gamla skruvarna satt inte alls fast utan bara ramlade ut n\u00e4r man k\u00e4nde p\u00e5 dem.<\/p>\n<p><a href=\"https:\/\/www.montendre.se\/wp-content\/uploads\/2025\/08\/IMG_5689-1.jpeg\"><img loading=\"lazy\" decoding=\"async\" class=\"size-medium wp-image-6923 aligncenter\" src=\"https:\/\/www.montendre.se\/wp-content\/uploads\/2025\/08\/IMG_5689-1-300x225.jpeg\" alt=\"\" width=\"300\" height=\"225\" srcset=\"https:\/\/www.montendre.se\/wp-content\/uploads\/2025\/08\/IMG_5689-1-300x225.jpeg 300w, https:\/\/www.montendre.se\/wp-content\/uploads\/2025\/08\/IMG_5689-1-1024x768.jpeg 1024w, https:\/\/www.montendre.se\/wp-content\/uploads\/2025\/08\/IMG_5689-1-768x576.jpeg 768w, https:\/\/www.montendre.se\/wp-content\/uploads\/2025\/08\/IMG_5689-1-268x200.jpeg 268w, https:\/\/www.montendre.se\/wp-content\/uploads\/2025\/08\/IMG_5689-1-700x525.jpeg 700w, https:\/\/www.montendre.se\/wp-content\/uploads\/2025\/08\/IMG_5689-1.jpeg 1280w\" sizes=\"(max-width: 300px) 100vw, 300px\" \/><\/a><\/p>\n<p>Annars lugn dag. K\u00e4kade ostron, charkuterier, melon, ost och br\u00f6d till middag.<\/p>\n","protected":false},"excerpt":{"rendered":"<p>Molnigt och lite kyligt p\u00e5 morgonen, 14-15 grader s\u00e5 det blev frukost inne. Sedan kom solen fram och det blev 30 grader p\u00e5 eftermiddagen. Jag har m\u00e5lat lite lister och s\u00e5 fixade vi med k\u00f6kssk\u00e5pen. Satte fast tv\u00e5 stycken med vinkelj\u00e4rn. De gamla skruvarna satt inte alls fast utan bara &#8230;<\/p>\n","protected":false},"author":1,"featured_media":0,"comment_status":"open","ping_status":"open","sticky":false,"template":"","format":"standard","meta":{"jetpack_post_was_ever_published":false,"_jetpack_newsletter_access":"","_jetpack_dont_email_post_to_subs":false,"_jetpack_newsletter_tier_id":0,"footnotes":""},"categories":[100],"tags":[],"jetpack_sharing_enabled":true,"jetpack_featured_media_url":"","_links":{"self":[{"href":"https:\/\/www.montendre.se\/index.php?rest_route=\/wp\/v2\/posts\/6918"}],"collection":[{"href":"https:\/\/www.montendre.se\/index.php?rest_route=\/wp\/v2\/posts"}],"about":[{"href":"https:\/\/www.montendre.se\/index.php?rest_route=\/wp\/v2\/types\/post"}],"author":[{"embeddable":true,"href":"https:\/\/www.montendre.se\/index.php?rest_route=\/wp\/v2\/users\/1"}],"replies":[{"embeddable":true,"href":"https:\/\/www.montendre.se\/index.php?rest_route=%2Fwp%2Fv2%2Fcomments&post=6918"}],"version-history":[{"count":5,"href":"https:\/\/www.montendre.se\/index.php?rest_route=\/wp\/v2\/posts\/6918\/revisions"}],"predecessor-version":[{"id":6925,"href":"https:\/\/www.montendre.se\/index.php?rest_route=\/wp\/v2\/posts\/6918\/revisions\/6925"}],"wp:attachment":[{"href":"https:\/\/www.montendre.se\/index.php?rest_route=%2Fwp%2Fv2%2Fmedia&parent=6918"}],"wp:term":[{"taxonomy":"category","embeddable":true,"href":"https:\/\/www.montendre.se\/index.php?rest_route=%2Fwp%2Fv2%2Fcategories&post=6918"},{"taxonomy":"post_tag","embeddable":true,"href":"https:\/\/www.montendre.se\/index.php?rest_route=%2Fwp%2Fv2%2Ftags&post=6918"}],"curies":[{"name":"wp","href":"https:\/\/api.w.org\/{rel}","templated":true}]}}