{"id":6779,"date":"2025-04-25T20:59:00","date_gmt":"2025-04-25T18:59:00","guid":{"rendered":"https:\/\/www.montendre.se\/?p=6779"},"modified":"2025-04-26T09:43:05","modified_gmt":"2025-04-26T07:43:05","slug":"25-april-2025","status":"publish","type":"post","link":"https:\/\/www.montendre.se\/?p=6779","title":{"rendered":"25 april 2025"},"content":{"rendered":"<p>Soligt hela dagen, 22 grader, sk\u00f6nt. En mamma bakom mig i k\u00f6n till kassan i aff\u00e4ren tyckte att &#8221;Bara en solig dag p\u00e5 p\u00e5sklovet.&#8221; R\u00e4tt halvkinkig.<\/p>\n<p>Tagit ut bevattningstunnorna fr\u00e5n vinternvilan.<\/p>\n<p>Planterat andra halvan av ink\u00f6pet av plantor. Vore kul att k\u00f6pa n\u00e5gra mer men det f\u00e5r v\u00e4l v\u00e4nta till juni. Andra l\u00e5dan har nu heliotrop-blommor. \u00c4ven den h\u00e4r ska vara perenn. En f\u00e5r v\u00e4l se&#8230;<a href=\"https:\/\/www.montendre.se\/wp-content\/uploads\/2025\/04\/IMG_5280.jpeg\"><img loading=\"lazy\" decoding=\"async\" class=\"size-medium wp-image-6784 aligncenter\" src=\"https:\/\/www.montendre.se\/wp-content\/uploads\/2025\/04\/IMG_5280-300x225.jpeg\" alt=\"\" width=\"300\" height=\"225\" srcset=\"https:\/\/www.montendre.se\/wp-content\/uploads\/2025\/04\/IMG_5280-300x225.jpeg 300w, https:\/\/www.montendre.se\/wp-content\/uploads\/2025\/04\/IMG_5280-1024x768.jpeg 1024w, https:\/\/www.montendre.se\/wp-content\/uploads\/2025\/04\/IMG_5280-768x576.jpeg 768w, https:\/\/www.montendre.se\/wp-content\/uploads\/2025\/04\/IMG_5280-268x200.jpeg 268w, https:\/\/www.montendre.se\/wp-content\/uploads\/2025\/04\/IMG_5280-700x525.jpeg 700w, https:\/\/www.montendre.se\/wp-content\/uploads\/2025\/04\/IMG_5280.jpeg 1280w\" sizes=\"(max-width: 300px) 100vw, 300px\" \/><\/a><\/p>\n<p>Lite fina blommor i alla fall. Klippte ner lite p\u00e5 oleandern s\u00e5 den inte skuggar tryn d\u00e4r bakom.<\/p>\n<p><a href=\"https:\/\/www.montendre.se\/wp-content\/uploads\/2025\/04\/IMG_5271.jpeg\"><img loading=\"lazy\" decoding=\"async\" class=\"alignnone size-medium wp-image-6781\" src=\"https:\/\/www.montendre.se\/wp-content\/uploads\/2025\/04\/IMG_5271-300x225.jpeg\" alt=\"\" width=\"300\" height=\"225\" srcset=\"https:\/\/www.montendre.se\/wp-content\/uploads\/2025\/04\/IMG_5271-300x225.jpeg 300w, https:\/\/www.montendre.se\/wp-content\/uploads\/2025\/04\/IMG_5271-1024x768.jpeg 1024w, https:\/\/www.montendre.se\/wp-content\/uploads\/2025\/04\/IMG_5271-768x576.jpeg 768w, https:\/\/www.montendre.se\/wp-content\/uploads\/2025\/04\/IMG_5271-268x200.jpeg 268w, https:\/\/www.montendre.se\/wp-content\/uploads\/2025\/04\/IMG_5271-700x525.jpeg 700w, https:\/\/www.montendre.se\/wp-content\/uploads\/2025\/04\/IMG_5271.jpeg 1280w\" sizes=\"(max-width: 300px) 100vw, 300px\" \/><\/a><a href=\"https:\/\/www.montendre.se\/wp-content\/uploads\/2025\/04\/IMG_5273.jpeg\"><img loading=\"lazy\" decoding=\"async\" class=\"alignnone size-medium wp-image-6782\" src=\"https:\/\/www.montendre.se\/wp-content\/uploads\/2025\/04\/IMG_5273-300x225.jpeg\" alt=\"\" width=\"300\" height=\"225\" srcset=\"https:\/\/www.montendre.se\/wp-content\/uploads\/2025\/04\/IMG_5273-300x225.jpeg 300w, https:\/\/www.montendre.se\/wp-content\/uploads\/2025\/04\/IMG_5273-1024x768.jpeg 1024w, https:\/\/www.montendre.se\/wp-content\/uploads\/2025\/04\/IMG_5273-768x576.jpeg 768w, https:\/\/www.montendre.se\/wp-content\/uploads\/2025\/04\/IMG_5273-268x200.jpeg 268w, https:\/\/www.montendre.se\/wp-content\/uploads\/2025\/04\/IMG_5273-700x525.jpeg 700w, https:\/\/www.montendre.se\/wp-content\/uploads\/2025\/04\/IMG_5273.jpeg 1280w\" sizes=\"(max-width: 300px) 100vw, 300px\" \/><\/a><\/p>\n<p>Tv\u00e5 \u00f6dlor hade av misstag f\u00e5ngats i en av krukorna. De kunde inte kl\u00e4ttra upp f\u00f6r den hala ytan.<\/p>\n<p><a href=\"https:\/\/www.montendre.se\/wp-content\/uploads\/2025\/04\/IMG_5276.jpeg\"><img loading=\"lazy\" decoding=\"async\" class=\"size-medium wp-image-6783 aligncenter\" src=\"https:\/\/www.montendre.se\/wp-content\/uploads\/2025\/04\/IMG_5276-300x201.jpeg\" alt=\"\" width=\"300\" height=\"201\" srcset=\"https:\/\/www.montendre.se\/wp-content\/uploads\/2025\/04\/IMG_5276-300x201.jpeg 300w, https:\/\/www.montendre.se\/wp-content\/uploads\/2025\/04\/IMG_5276-1024x686.jpeg 1024w, https:\/\/www.montendre.se\/wp-content\/uploads\/2025\/04\/IMG_5276-768x514.jpeg 768w, https:\/\/www.montendre.se\/wp-content\/uploads\/2025\/04\/IMG_5276-700x469.jpeg 700w, https:\/\/www.montendre.se\/wp-content\/uploads\/2025\/04\/IMG_5276.jpeg 1280w\" sizes=\"(max-width: 300px) 100vw, 300px\" \/><\/a><\/p>\n<p>M\u00e5lade sista lagret p\u00e5 sovrumsd\u00f6rren, insidan. Nym\u00e5lade d\u00f6rrar har ni sett nog s\u00e5 ni slipper den h\u00e4r.<\/p>\n<p>Satte upp den lilla ers\u00e4ttaren till gamla f\u00f6rmultade regeln eller vad man nu ska kalla den. Jag ska s\u00e4tta fast den med n\u00e5got betong\/cementliknande s\u00e5 kan den senare tj\u00e4na som grund f\u00f6r att f\u00e4sta det som ska bli nytt &#8221;tak&#8221; i f\u00f6nsternischen.<\/p>\n<p><a href=\"https:\/\/www.montendre.se\/wp-content\/uploads\/2025\/04\/IMG_5284.jpeg\"><img loading=\"lazy\" decoding=\"async\" class=\"size-medium wp-image-6786 aligncenter\" src=\"https:\/\/www.montendre.se\/wp-content\/uploads\/2025\/04\/IMG_5284-225x300.jpeg\" alt=\"\" width=\"225\" height=\"300\" srcset=\"https:\/\/www.montendre.se\/wp-content\/uploads\/2025\/04\/IMG_5284-225x300.jpeg 225w, https:\/\/www.montendre.se\/wp-content\/uploads\/2025\/04\/IMG_5284-768x1024.jpeg 768w, https:\/\/www.montendre.se\/wp-content\/uploads\/2025\/04\/IMG_5284-700x933.jpeg 700w, https:\/\/www.montendre.se\/wp-content\/uploads\/2025\/04\/IMG_5284.jpeg 960w\" sizes=\"(max-width: 225px) 100vw, 225px\" \/><\/a>Pasta hemma.<\/p>\n<p>Kollat lite p\u00e5 The Residence men \u00e4r klar med den s\u00e5 nu blir det Glaskupan.<\/p>\n","protected":false},"excerpt":{"rendered":"<p>Soligt hela dagen, 22 grader, sk\u00f6nt. En mamma bakom mig i k\u00f6n till kassan i aff\u00e4ren tyckte att &#8221;Bara en solig dag p\u00e5 p\u00e5sklovet.&#8221; R\u00e4tt halvkinkig. Tagit ut bevattningstunnorna fr\u00e5n vinternvilan. Planterat andra halvan av ink\u00f6pet av plantor. Vore kul att k\u00f6pa n\u00e5gra mer men det f\u00e5r v\u00e4l v\u00e4nta till &#8230;<\/p>\n","protected":false},"author":1,"featured_media":0,"comment_status":"open","ping_status":"open","sticky":false,"template":"","format":"standard","meta":{"jetpack_post_was_ever_published":false,"_jetpack_newsletter_access":"","_jetpack_dont_email_post_to_subs":false,"_jetpack_newsletter_tier_id":0,"footnotes":""},"categories":[97],"tags":[],"jetpack_sharing_enabled":true,"jetpack_featured_media_url":"","_links":{"self":[{"href":"https:\/\/www.montendre.se\/index.php?rest_route=\/wp\/v2\/posts\/6779"}],"collection":[{"href":"https:\/\/www.montendre.se\/index.php?rest_route=\/wp\/v2\/posts"}],"about":[{"href":"https:\/\/www.montendre.se\/index.php?rest_route=\/wp\/v2\/types\/post"}],"author":[{"embeddable":true,"href":"https:\/\/www.montendre.se\/index.php?rest_route=\/wp\/v2\/users\/1"}],"replies":[{"embeddable":true,"href":"https:\/\/www.montendre.se\/index.php?rest_route=%2Fwp%2Fv2%2Fcomments&post=6779"}],"version-history":[{"count":11,"href":"https:\/\/www.montendre.se\/index.php?rest_route=\/wp\/v2\/posts\/6779\/revisions"}],"predecessor-version":[{"id":6796,"href":"https:\/\/www.montendre.se\/index.php?rest_route=\/wp\/v2\/posts\/6779\/revisions\/6796"}],"wp:attachment":[{"href":"https:\/\/www.montendre.se\/index.php?rest_route=%2Fwp%2Fv2%2Fmedia&parent=6779"}],"wp:term":[{"taxonomy":"category","embeddable":true,"href":"https:\/\/www.montendre.se\/index.php?rest_route=%2Fwp%2Fv2%2Fcategories&post=6779"},{"taxonomy":"post_tag","embeddable":true,"href":"https:\/\/www.montendre.se\/index.php?rest_route=%2Fwp%2Fv2%2Ftags&post=6779"}],"curies":[{"name":"wp","href":"https:\/\/api.w.org\/{rel}","templated":true}]}}