{"id":6759,"date":"2025-04-24T22:25:08","date_gmt":"2025-04-24T20:25:08","guid":{"rendered":"https:\/\/www.montendre.se\/?p=6759"},"modified":"2025-04-25T00:12:03","modified_gmt":"2025-04-24T22:12:03","slug":"24-april-2025","status":"publish","type":"post","link":"https:\/\/www.montendre.se\/?p=6759","title":{"rendered":"24 april 2025"},"content":{"rendered":"<p>Mulet sedan uppklarnande, upp till 18 grader. Tog en sv\u00e4ng p\u00e5 marknaden. S\u00e5g en ny butik, liten kl\u00e4dbutik, till v\u00e4nster om gamla baren. De h\u00e5ller p\u00e5 att bygga om i gamla konditoriet. Jag vet inte vad det ska bli. Inga skyltar, bara tomt d\u00e4r inne. Hoppas det inte bara blir boende. Kommunen har b\u00f6rjat med ett bidrag till de som \u00f6ppnar butik, med villkor f\u00f6rst\u00e5s. Och inga j\u00e4ttesummor, tror det \u00e4r runt 5000\u20ac f\u00f6r tv\u00e5 \u00e5r.<\/p>\n<p>Lite v\u00e4xlande molnighet p\u00e5 eftermiddagen. Jag sm\u00e5fixar i tr\u00e4dg\u00e5rden. Fixar fuktm\u00e4tarna, m\u00e5lar n\u00e5gon d\u00f6rr, tar bort golvpapper mm f\u00f6r n\u00e5gon d\u00f6rr som \u00e4r klar&#8230; Lite som en hustomte.<\/p>\n<p>I gr\u00e4smattan finns ett skumt h\u00e5l, typ 15 cm i diameter och 10 cm djupt.<\/p>\n<p><a href=\"https:\/\/www.montendre.se\/wp-content\/uploads\/2025\/04\/IMG_5244.jpeg\"><img loading=\"lazy\" decoding=\"async\" class=\"alignnone size-medium wp-image-6769 aligncenter\" src=\"https:\/\/www.montendre.se\/wp-content\/uploads\/2025\/04\/IMG_5244-225x300.jpeg\" alt=\"\" width=\"225\" height=\"300\" srcset=\"https:\/\/www.montendre.se\/wp-content\/uploads\/2025\/04\/IMG_5244-225x300.jpeg 225w, https:\/\/www.montendre.se\/wp-content\/uploads\/2025\/04\/IMG_5244-768x1024.jpeg 768w, https:\/\/www.montendre.se\/wp-content\/uploads\/2025\/04\/IMG_5244-700x933.jpeg 700w, https:\/\/www.montendre.se\/wp-content\/uploads\/2025\/04\/IMG_5244.jpeg 960w\" sizes=\"(max-width: 225px) 100vw, 225px\" \/><\/a>N\u00e4r Klippo hittar ett st\u00e4lle med h\u00f6gt gr\u00e4s k\u00f6r han spiralklippning. Lite kul att se.<\/p>\n<p><a href=\"https:\/\/www.montendre.se\/wp-content\/uploads\/2025\/04\/IMG_5252.jpeg\"><img loading=\"lazy\" decoding=\"async\" class=\"size-medium wp-image-6770 aligncenter\" src=\"https:\/\/www.montendre.se\/wp-content\/uploads\/2025\/04\/IMG_5252-225x300.jpeg\" alt=\"\" width=\"225\" height=\"300\" srcset=\"https:\/\/www.montendre.se\/wp-content\/uploads\/2025\/04\/IMG_5252-225x300.jpeg 225w, https:\/\/www.montendre.se\/wp-content\/uploads\/2025\/04\/IMG_5252-768x1024.jpeg 768w, https:\/\/www.montendre.se\/wp-content\/uploads\/2025\/04\/IMG_5252-700x933.jpeg 700w, https:\/\/www.montendre.se\/wp-content\/uploads\/2025\/04\/IMG_5252.jpeg 960w\" sizes=\"(max-width: 225px) 100vw, 225px\" \/><\/a><\/p>\n<p>Det h\u00e4r \u00e4r ogr\u00e4s som \u00e4r helt okey tycker jag.<\/p>\n<p><a href=\"https:\/\/www.montendre.se\/wp-content\/uploads\/2025\/04\/IMG_5247.jpeg\"><img loading=\"lazy\" decoding=\"async\" class=\"size-medium wp-image-6771 aligncenter\" src=\"https:\/\/www.montendre.se\/wp-content\/uploads\/2025\/04\/IMG_5247-225x300.jpeg\" alt=\"\" width=\"225\" height=\"300\" srcset=\"https:\/\/www.montendre.se\/wp-content\/uploads\/2025\/04\/IMG_5247-225x300.jpeg 225w, https:\/\/www.montendre.se\/wp-content\/uploads\/2025\/04\/IMG_5247-768x1024.jpeg 768w, https:\/\/www.montendre.se\/wp-content\/uploads\/2025\/04\/IMG_5247-700x933.jpeg 700w, https:\/\/www.montendre.se\/wp-content\/uploads\/2025\/04\/IMG_5247.jpeg 960w\" sizes=\"(max-width: 225px) 100vw, 225px\" \/><\/a>Gick ner till Bricon f\u00f6r att k\u00f6pa nytt \u00f6verstycke\/regel till ena f\u00f6nstret i matrummet. Den gamla var ju helt s\u00f6nderruttnad. Tio \u00e5r gammal bild p\u00e5 f\u00f6reg\u00e5ngaren. Det bruna \u00e4r en fin regel, f.d.<\/p>\n<p><a href=\"https:\/\/www.montendre.se\/wp-content\/uploads\/2025\/04\/IMG_3632.jpeg\"><img loading=\"lazy\" decoding=\"async\" class=\"size-medium wp-image-6767 aligncenter\" src=\"https:\/\/www.montendre.se\/wp-content\/uploads\/2025\/04\/IMG_3632-300x225.jpeg\" alt=\"\" width=\"300\" height=\"225\" srcset=\"https:\/\/www.montendre.se\/wp-content\/uploads\/2025\/04\/IMG_3632-300x225.jpeg 300w, https:\/\/www.montendre.se\/wp-content\/uploads\/2025\/04\/IMG_3632-1024x768.jpeg 1024w, https:\/\/www.montendre.se\/wp-content\/uploads\/2025\/04\/IMG_3632-768x576.jpeg 768w, https:\/\/www.montendre.se\/wp-content\/uploads\/2025\/04\/IMG_3632-268x200.jpeg 268w, https:\/\/www.montendre.se\/wp-content\/uploads\/2025\/04\/IMG_3632-700x525.jpeg 700w, https:\/\/www.montendre.se\/wp-content\/uploads\/2025\/04\/IMG_3632.jpeg 1280w\" sizes=\"(max-width: 300px) 100vw, 300px\" \/><\/a>K\u00f6pte ett g\u00e4ng v\u00e4xter nu. Tog i lite s\u00e5 n\u00e5gon ska \u00f6verleva. Hann med att f\u00e5 ner h\u00e4lten i en av betong-l\u00e5dorna. Ska vara perenner, Campanula Ambella lavender.<\/p>\n<p><a href=\"https:\/\/www.montendre.se\/wp-content\/uploads\/2025\/04\/IMG_5258.jpeg\"><img loading=\"lazy\" decoding=\"async\" class=\"size-medium wp-image-6772 aligncenter\" src=\"https:\/\/www.montendre.se\/wp-content\/uploads\/2025\/04\/IMG_5258-300x225.jpeg\" alt=\"\" width=\"300\" height=\"225\" srcset=\"https:\/\/www.montendre.se\/wp-content\/uploads\/2025\/04\/IMG_5258-300x225.jpeg 300w, https:\/\/www.montendre.se\/wp-content\/uploads\/2025\/04\/IMG_5258-1024x768.jpeg 1024w, https:\/\/www.montendre.se\/wp-content\/uploads\/2025\/04\/IMG_5258-768x576.jpeg 768w, https:\/\/www.montendre.se\/wp-content\/uploads\/2025\/04\/IMG_5258-268x200.jpeg 268w, https:\/\/www.montendre.se\/wp-content\/uploads\/2025\/04\/IMG_5258-700x525.jpeg 700w, https:\/\/www.montendre.se\/wp-content\/uploads\/2025\/04\/IMG_5258.jpeg 1280w\" sizes=\"(max-width: 300px) 100vw, 300px\" \/><\/a>Middag p\u00e5 Quicaillerian. R\u00e4tt m\u00e5nga d\u00e4r, 12-13 personer. Kul. Bra mat som vanligt.<\/p>\n","protected":false},"excerpt":{"rendered":"<p>Mulet sedan uppklarnande, upp till 18 grader. Tog en sv\u00e4ng p\u00e5 marknaden. S\u00e5g en ny butik, liten kl\u00e4dbutik, till v\u00e4nster om gamla baren. De h\u00e5ller p\u00e5 att bygga om i gamla konditoriet. Jag vet inte vad det ska bli. Inga skyltar, bara tomt d\u00e4r inne. Hoppas det inte bara blir &#8230;<\/p>\n","protected":false},"author":1,"featured_media":0,"comment_status":"open","ping_status":"open","sticky":false,"template":"","format":"standard","meta":{"jetpack_post_was_ever_published":false,"_jetpack_newsletter_access":"","_jetpack_dont_email_post_to_subs":false,"_jetpack_newsletter_tier_id":0,"footnotes":""},"categories":[97],"tags":[],"jetpack_sharing_enabled":true,"jetpack_featured_media_url":"","_links":{"self":[{"href":"https:\/\/www.montendre.se\/index.php?rest_route=\/wp\/v2\/posts\/6759"}],"collection":[{"href":"https:\/\/www.montendre.se\/index.php?rest_route=\/wp\/v2\/posts"}],"about":[{"href":"https:\/\/www.montendre.se\/index.php?rest_route=\/wp\/v2\/types\/post"}],"author":[{"embeddable":true,"href":"https:\/\/www.montendre.se\/index.php?rest_route=\/wp\/v2\/users\/1"}],"replies":[{"embeddable":true,"href":"https:\/\/www.montendre.se\/index.php?rest_route=%2Fwp%2Fv2%2Fcomments&post=6759"}],"version-history":[{"count":13,"href":"https:\/\/www.montendre.se\/index.php?rest_route=\/wp\/v2\/posts\/6759\/revisions"}],"predecessor-version":[{"id":6778,"href":"https:\/\/www.montendre.se\/index.php?rest_route=\/wp\/v2\/posts\/6759\/revisions\/6778"}],"wp:attachment":[{"href":"https:\/\/www.montendre.se\/index.php?rest_route=%2Fwp%2Fv2%2Fmedia&parent=6759"}],"wp:term":[{"taxonomy":"category","embeddable":true,"href":"https:\/\/www.montendre.se\/index.php?rest_route=%2Fwp%2Fv2%2Fcategories&post=6759"},{"taxonomy":"post_tag","embeddable":true,"href":"https:\/\/www.montendre.se\/index.php?rest_route=%2Fwp%2Fv2%2Ftags&post=6759"}],"curies":[{"name":"wp","href":"https:\/\/api.w.org\/{rel}","templated":true}]}}