{"id":6743,"date":"2025-04-23T23:57:30","date_gmt":"2025-04-23T21:57:30","guid":{"rendered":"https:\/\/www.montendre.se\/?p=6743"},"modified":"2025-04-24T10:12:26","modified_gmt":"2025-04-24T08:12:26","slug":"23-april-2025","status":"publish","type":"post","link":"https:\/\/www.montendre.se\/?p=6743","title":{"rendered":"23 april 2025"},"content":{"rendered":"<p>Regnade hela f\u00f6rmiddagen och en bit in p\u00e5 eftermiddagen, lite sol p\u00e5 kv\u00e4llen. Inget \u00f6sregn, bara ett stilla strilande. Bra f\u00f6r nyplanterade mammuttr\u00e4det kanske. 10-13 grader.<\/p>\n<p>Jag har m\u00e5lat klart halld\u00f6rren mot &#8221;andra hallen&#8221; i ljusgr\u00e5 f\u00e4rg. Ska sedan b\u00f6rja med karmen runt k\u00e4llard\u00f6rren i m\u00f6rkgr\u00e5 f\u00e4rg. \u00c4ven b\u00f6rjat med d\u00f6rren fr\u00e5n sovrum till hallen. Ska m\u00e5las ljusgr\u00e5.<\/p>\n<p>Prakttryn vi planterade vid muren i mars blommar lite. Nu ska jag f\u00f6rs\u00f6ka f\u00e5 den att fatta att det finns en spalj\u00e9 bakom som \u00e4r cool att v\u00e4xa i.<\/p>\n<p><a href=\"https:\/\/www.montendre.se\/wp-content\/uploads\/2025\/04\/IMG_5212-1.jpeg\"><img loading=\"lazy\" decoding=\"async\" class=\"size-medium wp-image-6744 aligncenter\" src=\"https:\/\/www.montendre.se\/wp-content\/uploads\/2025\/04\/IMG_5212-1-225x300.jpeg\" alt=\"\" width=\"225\" height=\"300\" srcset=\"https:\/\/www.montendre.se\/wp-content\/uploads\/2025\/04\/IMG_5212-1-225x300.jpeg 225w, https:\/\/www.montendre.se\/wp-content\/uploads\/2025\/04\/IMG_5212-1-768x1024.jpeg 768w, https:\/\/www.montendre.se\/wp-content\/uploads\/2025\/04\/IMG_5212-1-700x933.jpeg 700w, https:\/\/www.montendre.se\/wp-content\/uploads\/2025\/04\/IMG_5212-1.jpeg 960w\" sizes=\"(max-width: 225px) 100vw, 225px\" \/><\/a><\/p>\n<p>I buxbomscirkeln v\u00e4xer Purpurl\u00f6k, runt 40 cm h\u00f6g. Som jag v\u00e4l fick med i presenten fr\u00e5n P&amp;A&amp;T&amp;L okt 2024? St\u00e5r att den ska blomma i maj-juni men det \u00e4r v\u00e4l Sverige-tid.<\/p>\n<p><a href=\"https:\/\/www.montendre.se\/wp-content\/uploads\/2025\/04\/8B37AA0A-D5E7-4D7D-85F6-3581A5D25A38.jpeg\"><img loading=\"lazy\" decoding=\"async\" class=\"size-medium wp-image-6746 aligncenter\" src=\"https:\/\/www.montendre.se\/wp-content\/uploads\/2025\/04\/8B37AA0A-D5E7-4D7D-85F6-3581A5D25A38-225x300.jpeg\" alt=\"\" width=\"225\" height=\"300\" srcset=\"https:\/\/www.montendre.se\/wp-content\/uploads\/2025\/04\/8B37AA0A-D5E7-4D7D-85F6-3581A5D25A38-225x300.jpeg 225w, https:\/\/www.montendre.se\/wp-content\/uploads\/2025\/04\/8B37AA0A-D5E7-4D7D-85F6-3581A5D25A38-768x1024.jpeg 768w, https:\/\/www.montendre.se\/wp-content\/uploads\/2025\/04\/8B37AA0A-D5E7-4D7D-85F6-3581A5D25A38-700x933.jpeg 700w, https:\/\/www.montendre.se\/wp-content\/uploads\/2025\/04\/8B37AA0A-D5E7-4D7D-85F6-3581A5D25A38.jpeg 960w\" sizes=\"(max-width: 225px) 100vw, 225px\" \/><\/a>Pilgrimsmusslor \u00e0 la Mannerheim.<\/p>\n","protected":false},"excerpt":{"rendered":"<p>Regnade hela f\u00f6rmiddagen och en bit in p\u00e5 eftermiddagen, lite sol p\u00e5 kv\u00e4llen. Inget \u00f6sregn, bara ett stilla strilande. Bra f\u00f6r nyplanterade mammuttr\u00e4det kanske. 10-13 grader. Jag har m\u00e5lat klart halld\u00f6rren mot &#8221;andra hallen&#8221; i ljusgr\u00e5 f\u00e4rg. Ska sedan b\u00f6rja med karmen runt k\u00e4llard\u00f6rren i m\u00f6rkgr\u00e5 f\u00e4rg. \u00c4ven b\u00f6rjat med &#8230;<\/p>\n","protected":false},"author":1,"featured_media":0,"comment_status":"open","ping_status":"open","sticky":false,"template":"","format":"standard","meta":{"jetpack_post_was_ever_published":false,"_jetpack_newsletter_access":"","_jetpack_dont_email_post_to_subs":false,"_jetpack_newsletter_tier_id":0,"footnotes":""},"categories":[97],"tags":[],"jetpack_sharing_enabled":true,"jetpack_featured_media_url":"","_links":{"self":[{"href":"https:\/\/www.montendre.se\/index.php?rest_route=\/wp\/v2\/posts\/6743"}],"collection":[{"href":"https:\/\/www.montendre.se\/index.php?rest_route=\/wp\/v2\/posts"}],"about":[{"href":"https:\/\/www.montendre.se\/index.php?rest_route=\/wp\/v2\/types\/post"}],"author":[{"embeddable":true,"href":"https:\/\/www.montendre.se\/index.php?rest_route=\/wp\/v2\/users\/1"}],"replies":[{"embeddable":true,"href":"https:\/\/www.montendre.se\/index.php?rest_route=%2Fwp%2Fv2%2Fcomments&post=6743"}],"version-history":[{"count":11,"href":"https:\/\/www.montendre.se\/index.php?rest_route=\/wp\/v2\/posts\/6743\/revisions"}],"predecessor-version":[{"id":6758,"href":"https:\/\/www.montendre.se\/index.php?rest_route=\/wp\/v2\/posts\/6743\/revisions\/6758"}],"wp:attachment":[{"href":"https:\/\/www.montendre.se\/index.php?rest_route=%2Fwp%2Fv2%2Fmedia&parent=6743"}],"wp:term":[{"taxonomy":"category","embeddable":true,"href":"https:\/\/www.montendre.se\/index.php?rest_route=%2Fwp%2Fv2%2Fcategories&post=6743"},{"taxonomy":"post_tag","embeddable":true,"href":"https:\/\/www.montendre.se\/index.php?rest_route=%2Fwp%2Fv2%2Ftags&post=6743"}],"curies":[{"name":"wp","href":"https:\/\/api.w.org\/{rel}","templated":true}]}}