{"id":6708,"date":"2025-03-09T09:56:21","date_gmt":"2025-03-09T08:56:21","guid":{"rendered":"https:\/\/www.montendre.se\/?p=6708"},"modified":"2025-03-09T09:56:57","modified_gmt":"2025-03-09T08:56:57","slug":"8-mars-2025","status":"publish","type":"post","link":"https:\/\/www.montendre.se\/?p=6708","title":{"rendered":"8 mars 2025"},"content":{"rendered":"<p>V\u00e4xlande molnighet, 20 grader.<\/p>\n<p>Jag m\u00e5lade f\u00f6rsta lagret ljusgr\u00e5 p\u00e5 en halld\u00f6rr, C testade att lacka en pinne i trappen. Har ju funderat p\u00e5 att m\u00e5la dem, men lacka r\u00e4cker kanske.<\/p>\n<p><a href=\"https:\/\/www.montendre.se\/wp-content\/uploads\/2025\/03\/IMG_5073.jpeg\"><img loading=\"lazy\" decoding=\"async\" class=\"size-medium wp-image-6709 aligncenter\" src=\"https:\/\/www.montendre.se\/wp-content\/uploads\/2025\/03\/IMG_5073-225x300.jpeg\" alt=\"\" width=\"225\" height=\"300\" srcset=\"https:\/\/www.montendre.se\/wp-content\/uploads\/2025\/03\/IMG_5073-225x300.jpeg 225w, https:\/\/www.montendre.se\/wp-content\/uploads\/2025\/03\/IMG_5073-768x1024.jpeg 768w, https:\/\/www.montendre.se\/wp-content\/uploads\/2025\/03\/IMG_5073-700x933.jpeg 700w, https:\/\/www.montendre.se\/wp-content\/uploads\/2025\/03\/IMG_5073.jpeg 960w\" sizes=\"(max-width: 225px) 100vw, 225px\" \/><\/a>Hittade n\u00e5gra hyacinter i tr\u00e4dg\u00e5rden. Tog sedan en promenad i byn.<\/p>\n<p><a href=\"https:\/\/www.montendre.se\/wp-content\/uploads\/2025\/03\/6E006AEA-5B55-412F-97EA-E2A2A54921FC.jpeg\"><img loading=\"lazy\" decoding=\"async\" class=\"size-medium wp-image-6710 aligncenter\" src=\"https:\/\/www.montendre.se\/wp-content\/uploads\/2025\/03\/6E006AEA-5B55-412F-97EA-E2A2A54921FC-225x300.jpeg\" alt=\"\" width=\"225\" height=\"300\" srcset=\"https:\/\/www.montendre.se\/wp-content\/uploads\/2025\/03\/6E006AEA-5B55-412F-97EA-E2A2A54921FC-225x300.jpeg 225w, https:\/\/www.montendre.se\/wp-content\/uploads\/2025\/03\/6E006AEA-5B55-412F-97EA-E2A2A54921FC-768x1024.jpeg 768w, https:\/\/www.montendre.se\/wp-content\/uploads\/2025\/03\/6E006AEA-5B55-412F-97EA-E2A2A54921FC-700x933.jpeg 700w, https:\/\/www.montendre.se\/wp-content\/uploads\/2025\/03\/6E006AEA-5B55-412F-97EA-E2A2A54921FC.jpeg 960w\" sizes=\"(max-width: 225px) 100vw, 225px\" \/><\/a>Handlade mat, sedan en pastis med lite korsord innan matlagning.<\/p>\n<p><a href=\"https:\/\/www.montendre.se\/wp-content\/uploads\/2025\/03\/IMG_5078.jpeg\"><img loading=\"lazy\" decoding=\"async\" class=\"size-medium wp-image-6711 aligncenter\" src=\"https:\/\/www.montendre.se\/wp-content\/uploads\/2025\/03\/IMG_5078-300x225.jpeg\" alt=\"\" width=\"300\" height=\"225\" srcset=\"https:\/\/www.montendre.se\/wp-content\/uploads\/2025\/03\/IMG_5078-300x225.jpeg 300w, https:\/\/www.montendre.se\/wp-content\/uploads\/2025\/03\/IMG_5078-1024x768.jpeg 1024w, https:\/\/www.montendre.se\/wp-content\/uploads\/2025\/03\/IMG_5078-768x576.jpeg 768w, https:\/\/www.montendre.se\/wp-content\/uploads\/2025\/03\/IMG_5078-268x200.jpeg 268w, https:\/\/www.montendre.se\/wp-content\/uploads\/2025\/03\/IMG_5078-700x525.jpeg 700w, https:\/\/www.montendre.se\/wp-content\/uploads\/2025\/03\/IMG_5078.jpeg 1280w\" sizes=\"(max-width: 300px) 100vw, 300px\" \/><\/a>K\u00f6tt, sparris, potatis till middag. Men f\u00f6rst lite ostron. C \u00e5t f\u00f6r f\u00f6rsta g\u00e5ngen och k\u00e4kade 4 stycken.<\/p>\n<p><a href=\"https:\/\/www.montendre.se\/wp-content\/uploads\/2025\/03\/IMG_5081.jpeg\"><img loading=\"lazy\" decoding=\"async\" class=\"size-medium wp-image-6712 aligncenter\" src=\"https:\/\/www.montendre.se\/wp-content\/uploads\/2025\/03\/IMG_5081-300x225.jpeg\" alt=\"\" width=\"300\" height=\"225\" srcset=\"https:\/\/www.montendre.se\/wp-content\/uploads\/2025\/03\/IMG_5081-300x225.jpeg 300w, https:\/\/www.montendre.se\/wp-content\/uploads\/2025\/03\/IMG_5081-1024x768.jpeg 1024w, https:\/\/www.montendre.se\/wp-content\/uploads\/2025\/03\/IMG_5081-768x576.jpeg 768w, https:\/\/www.montendre.se\/wp-content\/uploads\/2025\/03\/IMG_5081-268x200.jpeg 268w, https:\/\/www.montendre.se\/wp-content\/uploads\/2025\/03\/IMG_5081-700x525.jpeg 700w, https:\/\/www.montendre.se\/wp-content\/uploads\/2025\/03\/IMG_5081.jpeg 1280w\" sizes=\"(max-width: 300px) 100vw, 300px\" \/><\/a><\/p>\n","protected":false},"excerpt":{"rendered":"<p>V\u00e4xlande molnighet, 20 grader. Jag m\u00e5lade f\u00f6rsta lagret ljusgr\u00e5 p\u00e5 en halld\u00f6rr, C testade att lacka en pinne i trappen. Har ju funderat p\u00e5 att m\u00e5la dem, men lacka r\u00e4cker kanske. Hittade n\u00e5gra hyacinter i tr\u00e4dg\u00e5rden. Tog sedan en promenad i byn. Handlade mat, sedan en pastis med lite korsord &#8230;<\/p>\n","protected":false},"author":1,"featured_media":0,"comment_status":"open","ping_status":"open","sticky":false,"template":"","format":"standard","meta":{"jetpack_post_was_ever_published":false,"_jetpack_newsletter_access":"","_jetpack_dont_email_post_to_subs":false,"_jetpack_newsletter_tier_id":0,"footnotes":""},"categories":[96],"tags":[],"jetpack_sharing_enabled":true,"jetpack_featured_media_url":"","_links":{"self":[{"href":"https:\/\/www.montendre.se\/index.php?rest_route=\/wp\/v2\/posts\/6708"}],"collection":[{"href":"https:\/\/www.montendre.se\/index.php?rest_route=\/wp\/v2\/posts"}],"about":[{"href":"https:\/\/www.montendre.se\/index.php?rest_route=\/wp\/v2\/types\/post"}],"author":[{"embeddable":true,"href":"https:\/\/www.montendre.se\/index.php?rest_route=\/wp\/v2\/users\/1"}],"replies":[{"embeddable":true,"href":"https:\/\/www.montendre.se\/index.php?rest_route=%2Fwp%2Fv2%2Fcomments&post=6708"}],"version-history":[{"count":3,"href":"https:\/\/www.montendre.se\/index.php?rest_route=\/wp\/v2\/posts\/6708\/revisions"}],"predecessor-version":[{"id":6715,"href":"https:\/\/www.montendre.se\/index.php?rest_route=\/wp\/v2\/posts\/6708\/revisions\/6715"}],"wp:attachment":[{"href":"https:\/\/www.montendre.se\/index.php?rest_route=%2Fwp%2Fv2%2Fmedia&parent=6708"}],"wp:term":[{"taxonomy":"category","embeddable":true,"href":"https:\/\/www.montendre.se\/index.php?rest_route=%2Fwp%2Fv2%2Fcategories&post=6708"},{"taxonomy":"post_tag","embeddable":true,"href":"https:\/\/www.montendre.se\/index.php?rest_route=%2Fwp%2Fv2%2Ftags&post=6708"}],"curies":[{"name":"wp","href":"https:\/\/api.w.org\/{rel}","templated":true}]}}