{"id":669,"date":"2012-04-10T15:10:31","date_gmt":"2012-04-10T13:10:31","guid":{"rendered":"http:\/\/www.montendre.se\/?p=669"},"modified":"2013-07-17T15:11:52","modified_gmt":"2013-07-17T13:11:52","slug":"10-april-2012","status":"publish","type":"post","link":"https:\/\/www.montendre.se\/?p=669","title":{"rendered":"10 april 2012"},"content":{"rendered":"<p>Kollade p\u00e5 ett matbord ig\u00e5r hos lumphandlaren h\u00e4r i byn och idag \u00e5kte vi och k\u00f6pte det.<\/p>\n<p><a href=\"http:\/\/www.montendre.se\/wp-content\/uploads\/2013\/07\/IMG_1947.jpg\"><img loading=\"lazy\" decoding=\"async\" class=\"aligncenter size-medium wp-image-670\" title=\"IMG_1947\" src=\"http:\/\/www.montendre.se\/wp-content\/uploads\/2013\/07\/IMG_1947-300x224.jpg\" alt=\"\" width=\"300\" height=\"224\" srcset=\"https:\/\/www.montendre.se\/wp-content\/uploads\/2013\/07\/IMG_1947-300x224.jpg 300w, https:\/\/www.montendre.se\/wp-content\/uploads\/2013\/07\/IMG_1947-1024x764.jpg 1024w, https:\/\/www.montendre.se\/wp-content\/uploads\/2013\/07\/IMG_1947-268x200.jpg 268w, https:\/\/www.montendre.se\/wp-content\/uploads\/2013\/07\/IMG_1947-700x522.jpg 700w\" sizes=\"(max-width: 300px) 100vw, 300px\" \/><\/a><\/p>\n<p>1.50 utan utdragskivorna, 2.50 med b\u00e5da utdragna. Hyfsat skick och f\u00f6r 180\u20ac.<br \/>\nKan man ha utebordet ute hela tiden och slippa sl\u00e4pa det mellan rum och uteplats.<\/p>\n<p>Har lagt p\u00e5 gipsbruk p\u00e5 skarven i ytterv\u00e4ggen idag.<\/p>\n<p>Och s\u00e5 provm\u00e5lat med 3:e gula f\u00e4rgen. (Den l\u00e4ngst till h\u00f6ger p\u00e5 bilden \u00e4r nya f\u00e4rgen.)<\/p>\n<p><a href=\"http:\/\/www.montendre.se\/wp-content\/uploads\/2013\/07\/IMG_1944.jpg\"><img loading=\"lazy\" decoding=\"async\" class=\"aligncenter size-medium wp-image-671\" title=\"IMG_1944\" src=\"http:\/\/www.montendre.se\/wp-content\/uploads\/2013\/07\/IMG_1944-300x224.jpg\" alt=\"\" width=\"300\" height=\"224\" srcset=\"https:\/\/www.montendre.se\/wp-content\/uploads\/2013\/07\/IMG_1944-300x224.jpg 300w, https:\/\/www.montendre.se\/wp-content\/uploads\/2013\/07\/IMG_1944-1024x764.jpg 1024w, https:\/\/www.montendre.se\/wp-content\/uploads\/2013\/07\/IMG_1944-268x200.jpg 268w, https:\/\/www.montendre.se\/wp-content\/uploads\/2013\/07\/IMG_1944-700x522.jpg 700w\" sizes=\"(max-width: 300px) 100vw, 300px\" \/><\/a><\/p>\n<p>Och s\u00e5 en sv\u00e4ng till Bordeaux d\u00e4r vi k\u00f6pte svarta klinkers som vi ska l\u00e4gga i skarven i k\u00f6ksgolvet.<\/p>\n","protected":false},"excerpt":{"rendered":"<p>Kollade p\u00e5 ett matbord ig\u00e5r hos lumphandlaren h\u00e4r i byn och idag \u00e5kte vi och k\u00f6pte det. 1.50 utan utdragskivorna, 2.50 med b\u00e5da utdragna. Hyfsat skick och f\u00f6r 180\u20ac. Kan man ha utebordet ute hela tiden och slippa sl\u00e4pa det mellan rum och uteplats. Har lagt p\u00e5 gipsbruk p\u00e5 skarven &#8230;<\/p>\n","protected":false},"author":1,"featured_media":0,"comment_status":"open","ping_status":"open","sticky":false,"template":"","format":"standard","meta":{"jetpack_post_was_ever_published":false,"_jetpack_newsletter_access":"","_jetpack_dont_email_post_to_subs":false,"_jetpack_newsletter_tier_id":0,"footnotes":""},"categories":[12],"tags":[],"jetpack_sharing_enabled":true,"jetpack_featured_media_url":"","_links":{"self":[{"href":"https:\/\/www.montendre.se\/index.php?rest_route=\/wp\/v2\/posts\/669"}],"collection":[{"href":"https:\/\/www.montendre.se\/index.php?rest_route=\/wp\/v2\/posts"}],"about":[{"href":"https:\/\/www.montendre.se\/index.php?rest_route=\/wp\/v2\/types\/post"}],"author":[{"embeddable":true,"href":"https:\/\/www.montendre.se\/index.php?rest_route=\/wp\/v2\/users\/1"}],"replies":[{"embeddable":true,"href":"https:\/\/www.montendre.se\/index.php?rest_route=%2Fwp%2Fv2%2Fcomments&post=669"}],"version-history":[{"count":2,"href":"https:\/\/www.montendre.se\/index.php?rest_route=\/wp\/v2\/posts\/669\/revisions"}],"predecessor-version":[{"id":673,"href":"https:\/\/www.montendre.se\/index.php?rest_route=\/wp\/v2\/posts\/669\/revisions\/673"}],"wp:attachment":[{"href":"https:\/\/www.montendre.se\/index.php?rest_route=%2Fwp%2Fv2%2Fmedia&parent=669"}],"wp:term":[{"taxonomy":"category","embeddable":true,"href":"https:\/\/www.montendre.se\/index.php?rest_route=%2Fwp%2Fv2%2Fcategories&post=669"},{"taxonomy":"post_tag","embeddable":true,"href":"https:\/\/www.montendre.se\/index.php?rest_route=%2Fwp%2Fv2%2Ftags&post=669"}],"curies":[{"name":"wp","href":"https:\/\/api.w.org\/{rel}","templated":true}]}}