{"id":6645,"date":"2025-01-14T00:49:22","date_gmt":"2025-01-13T23:49:22","guid":{"rendered":"https:\/\/www.montendre.se\/?p=6645"},"modified":"2025-01-14T00:50:28","modified_gmt":"2025-01-13T23:50:28","slug":"13-januari-2025","status":"publish","type":"post","link":"https:\/\/www.montendre.se\/?p=6645","title":{"rendered":"13 januari 2025"},"content":{"rendered":"<p>Avresedag. Kallt p\u00e5 morgonen, -3.8. Minusgrader l\u00e5ngt in p\u00e5 f\u00f6rmiddagen. Inte kul. 14 grader i k\u00f6ket, 16 i matrummet. Inte undra p\u00e5 att man drar sig f\u00f6r att g\u00e5 upp en s\u00e5dan h\u00e4r morgon. V\u00e4rmen i sovrummet och badrummet g\u00f6r att man st\u00e5r ut. Jag fattar inte hur vi kunde vara h\u00e4r p\u00e5 vintern innan v\u00e4rmepumpen i sovrummet och k\u00f6ket, handdukstork\/element i badrummet och kaminen i matrummet? Men man var ju yngre och stod kanske ut med mer d\u00e5?<\/p>\n<p>\u00c5kte fr\u00e5n huset runt halv fyra.<\/p>\n<p>Lite halvstrulande med min bokning av s\u00e4tet BOD &#8211; AMS. Jag hade bokat ett s\u00e4te som har lite extra benutrymme, men vid boardingen sa de att min plats hade \u00e4ndrats till en ordinarie plats n\u00e4stan l\u00e4ngst bak i planet. Ja, ja, jag accepterade v\u00e4l det lite motvilligt, men n\u00e4r jag v\u00e4l satt mig d\u00e4r kom det en flygv\u00e4rdinna och sa jag hade f\u00e5tt nytt s\u00e4te, nu i Business klass.<\/p>\n<p>AMS &#8211; ARN var som f\u00f6rv\u00e4ntat f\u00f6rutom att de inte tog med min v\u00e4ska. Men de har koll p\u00e5 att den finns i AMS och kommer med f\u00f6rsta flyget i morgon bitti.<\/p>\n<p>Lite tjatigt bara n\u00e4r man beh\u00f6ver st\u00e5 och v\u00e4nta vid bandet innan man inser att v\u00e4skan inte \u00e4r med. Ibland f\u00e5r jag ett meddelande direkt n\u00e4r jag landar att v\u00e4skan inte kommit med. D\u00e5 kan jag ju bara g\u00e5 ut direkt utan att v\u00e4nta. Mycket b\u00e4ttre.<\/p>\n","protected":false},"excerpt":{"rendered":"<p>Avresedag. Kallt p\u00e5 morgonen, -3.8. Minusgrader l\u00e5ngt in p\u00e5 f\u00f6rmiddagen. Inte kul. 14 grader i k\u00f6ket, 16 i matrummet. Inte undra p\u00e5 att man drar sig f\u00f6r att g\u00e5 upp en s\u00e5dan h\u00e4r morgon. V\u00e4rmen i sovrummet och badrummet g\u00f6r att man st\u00e5r ut. Jag fattar inte hur vi kunde &#8230;<\/p>\n","protected":false},"author":1,"featured_media":0,"comment_status":"open","ping_status":"open","sticky":false,"template":"","format":"standard","meta":{"jetpack_post_was_ever_published":false,"_jetpack_newsletter_access":"","_jetpack_dont_email_post_to_subs":false,"_jetpack_newsletter_tier_id":0,"footnotes":""},"categories":[95],"tags":[],"jetpack_sharing_enabled":true,"jetpack_featured_media_url":"","_links":{"self":[{"href":"https:\/\/www.montendre.se\/index.php?rest_route=\/wp\/v2\/posts\/6645"}],"collection":[{"href":"https:\/\/www.montendre.se\/index.php?rest_route=\/wp\/v2\/posts"}],"about":[{"href":"https:\/\/www.montendre.se\/index.php?rest_route=\/wp\/v2\/types\/post"}],"author":[{"embeddable":true,"href":"https:\/\/www.montendre.se\/index.php?rest_route=\/wp\/v2\/users\/1"}],"replies":[{"embeddable":true,"href":"https:\/\/www.montendre.se\/index.php?rest_route=%2Fwp%2Fv2%2Fcomments&post=6645"}],"version-history":[{"count":11,"href":"https:\/\/www.montendre.se\/index.php?rest_route=\/wp\/v2\/posts\/6645\/revisions"}],"predecessor-version":[{"id":6656,"href":"https:\/\/www.montendre.se\/index.php?rest_route=\/wp\/v2\/posts\/6645\/revisions\/6656"}],"wp:attachment":[{"href":"https:\/\/www.montendre.se\/index.php?rest_route=%2Fwp%2Fv2%2Fmedia&parent=6645"}],"wp:term":[{"taxonomy":"category","embeddable":true,"href":"https:\/\/www.montendre.se\/index.php?rest_route=%2Fwp%2Fv2%2Fcategories&post=6645"},{"taxonomy":"post_tag","embeddable":true,"href":"https:\/\/www.montendre.se\/index.php?rest_route=%2Fwp%2Fv2%2Ftags&post=6645"}],"curies":[{"name":"wp","href":"https:\/\/api.w.org\/{rel}","templated":true}]}}