{"id":660,"date":"2012-04-09T15:07:13","date_gmt":"2012-04-09T13:07:13","guid":{"rendered":"http:\/\/www.montendre.se\/?p=660"},"modified":"2013-07-17T15:10:17","modified_gmt":"2013-07-17T13:10:17","slug":"9-april-2012","status":"publish","type":"post","link":"https:\/\/www.montendre.se\/?p=660","title":{"rendered":"9 april 2012"},"content":{"rendered":"<p>H\u00e4r \u00e4r k\u00f6ksstolarna som kom i fredags:<\/p>\n<p><a href=\"http:\/\/www.montendre.se\/wp-content\/uploads\/2013\/07\/IMG_1922.jpg\"><img loading=\"lazy\" decoding=\"async\" class=\"aligncenter size-medium wp-image-661\" title=\"IMG_1922\" src=\"http:\/\/www.montendre.se\/wp-content\/uploads\/2013\/07\/IMG_1922-300x224.jpg\" alt=\"\" width=\"300\" height=\"224\" srcset=\"https:\/\/www.montendre.se\/wp-content\/uploads\/2013\/07\/IMG_1922-300x224.jpg 300w, https:\/\/www.montendre.se\/wp-content\/uploads\/2013\/07\/IMG_1922-1024x764.jpg 1024w, https:\/\/www.montendre.se\/wp-content\/uploads\/2013\/07\/IMG_1922-268x200.jpg 268w, https:\/\/www.montendre.se\/wp-content\/uploads\/2013\/07\/IMG_1922-700x522.jpg 700w\" sizes=\"(max-width: 300px) 100vw, 300px\" \/><\/a><\/p>\n<p>Och h\u00e4r \u00e4r &#8221;fynden&#8221; fr\u00e5n loppmarknaderna ig\u00e5r:<\/p>\n<p><a href=\"http:\/\/www.montendre.se\/wp-content\/uploads\/2013\/07\/IMG_1934.jpg\"><img loading=\"lazy\" decoding=\"async\" class=\"aligncenter size-medium wp-image-662\" title=\"IMG_1934\" src=\"http:\/\/www.montendre.se\/wp-content\/uploads\/2013\/07\/IMG_1934-300x224.jpg\" alt=\"\" width=\"300\" height=\"224\" srcset=\"https:\/\/www.montendre.se\/wp-content\/uploads\/2013\/07\/IMG_1934-300x224.jpg 300w, https:\/\/www.montendre.se\/wp-content\/uploads\/2013\/07\/IMG_1934-1024x764.jpg 1024w, https:\/\/www.montendre.se\/wp-content\/uploads\/2013\/07\/IMG_1934-268x200.jpg 268w, https:\/\/www.montendre.se\/wp-content\/uploads\/2013\/07\/IMG_1934-700x522.jpg 700w\" sizes=\"(max-width: 300px) 100vw, 300px\" \/><\/a><a href=\"http:\/\/www.montendre.se\/wp-content\/uploads\/2013\/07\/IMG_1924.jpg\"><img loading=\"lazy\" decoding=\"async\" class=\"aligncenter size-medium wp-image-663\" title=\"IMG_1924\" src=\"http:\/\/www.montendre.se\/wp-content\/uploads\/2013\/07\/IMG_1924-300x224.jpg\" alt=\"\" width=\"300\" height=\"224\" srcset=\"https:\/\/www.montendre.se\/wp-content\/uploads\/2013\/07\/IMG_1924-300x224.jpg 300w, https:\/\/www.montendre.se\/wp-content\/uploads\/2013\/07\/IMG_1924-1024x764.jpg 1024w, https:\/\/www.montendre.se\/wp-content\/uploads\/2013\/07\/IMG_1924-268x200.jpg 268w, https:\/\/www.montendre.se\/wp-content\/uploads\/2013\/07\/IMG_1924-700x522.jpg 700w\" sizes=\"(max-width: 300px) 100vw, 300px\" \/><\/a><a href=\"http:\/\/www.montendre.se\/wp-content\/uploads\/2013\/07\/IMG_1923.jpg\"><img loading=\"lazy\" decoding=\"async\" class=\"aligncenter size-medium wp-image-664\" title=\"IMG_1923\" src=\"http:\/\/www.montendre.se\/wp-content\/uploads\/2013\/07\/IMG_1923-300x224.jpg\" alt=\"\" width=\"300\" height=\"224\" srcset=\"https:\/\/www.montendre.se\/wp-content\/uploads\/2013\/07\/IMG_1923-300x224.jpg 300w, https:\/\/www.montendre.se\/wp-content\/uploads\/2013\/07\/IMG_1923-1024x764.jpg 1024w, https:\/\/www.montendre.se\/wp-content\/uploads\/2013\/07\/IMG_1923-268x200.jpg 268w, https:\/\/www.montendre.se\/wp-content\/uploads\/2013\/07\/IMG_1923-700x522.jpg 700w\" sizes=\"(max-width: 300px) 100vw, 300px\" \/><\/a><\/p>\n<p>Och jag har ont i ryggen idag efter att ha burit den d\u00e4r blomsterl\u00e5dan&#8230;<\/p>\n<p>Idag har jag fixat med andra skarven (v\u00e4ggen ut mot tr\u00e4dg\u00e5rden). F\u00f6re och efter:<\/p>\n<p><a href=\"http:\/\/www.montendre.se\/wp-content\/uploads\/2013\/07\/IMG_1928.jpg\"><img loading=\"lazy\" decoding=\"async\" class=\"aligncenter size-medium wp-image-665\" title=\"IMG_1928\" src=\"http:\/\/www.montendre.se\/wp-content\/uploads\/2013\/07\/IMG_1928-224x300.jpg\" alt=\"\" width=\"224\" height=\"300\" srcset=\"https:\/\/www.montendre.se\/wp-content\/uploads\/2013\/07\/IMG_1928-224x300.jpg 224w, https:\/\/www.montendre.se\/wp-content\/uploads\/2013\/07\/IMG_1928-764x1024.jpg 764w, https:\/\/www.montendre.se\/wp-content\/uploads\/2013\/07\/IMG_1928-700x937.jpg 700w, https:\/\/www.montendre.se\/wp-content\/uploads\/2013\/07\/IMG_1928.jpg 1936w\" sizes=\"(max-width: 224px) 100vw, 224px\" \/><\/a><a href=\"http:\/\/www.montendre.se\/wp-content\/uploads\/2013\/07\/IMG_1931.jpg\"><img loading=\"lazy\" decoding=\"async\" class=\"aligncenter size-medium wp-image-666\" title=\"IMG_1931\" src=\"http:\/\/www.montendre.se\/wp-content\/uploads\/2013\/07\/IMG_1931-224x300.jpg\" alt=\"\" width=\"224\" height=\"300\" srcset=\"https:\/\/www.montendre.se\/wp-content\/uploads\/2013\/07\/IMG_1931-224x300.jpg 224w, https:\/\/www.montendre.se\/wp-content\/uploads\/2013\/07\/IMG_1931-764x1024.jpg 764w, https:\/\/www.montendre.se\/wp-content\/uploads\/2013\/07\/IMG_1931-700x937.jpg 700w, https:\/\/www.montendre.se\/wp-content\/uploads\/2013\/07\/IMG_1931.jpg 1936w\" sizes=\"(max-width: 224px) 100vw, 224px\" \/><\/a><\/p>\n<p>I fredags (eller torsdags) kv\u00e4ll var inte f\u00f6nstrena ordentligt st\u00e4ngda i lilla minirummet p\u00e5 ovanv\u00e5ningen. Och f\u00f6rmodligen hade det regnat v\u00e4ldigt kraftigt p\u00e5 kv\u00e4llen f\u00f6r det hade l\u00e4ckt in en massa vatten som vi nu f\u00f6rs\u00f6ker torka upp.<\/p>\n<p><a href=\"http:\/\/www.montendre.se\/wp-content\/uploads\/2013\/07\/IMG_1935.jpg\"><img loading=\"lazy\" decoding=\"async\" class=\"aligncenter size-medium wp-image-667\" title=\"IMG_1935\" src=\"http:\/\/www.montendre.se\/wp-content\/uploads\/2013\/07\/IMG_1935-224x300.jpg\" alt=\"\" width=\"224\" height=\"300\" srcset=\"https:\/\/www.montendre.se\/wp-content\/uploads\/2013\/07\/IMG_1935-224x300.jpg 224w, https:\/\/www.montendre.se\/wp-content\/uploads\/2013\/07\/IMG_1935-764x1024.jpg 764w, https:\/\/www.montendre.se\/wp-content\/uploads\/2013\/07\/IMG_1935-700x937.jpg 700w, https:\/\/www.montendre.se\/wp-content\/uploads\/2013\/07\/IMG_1935.jpg 1936w\" sizes=\"(max-width: 224px) 100vw, 224px\" \/><\/a><\/p>\n","protected":false},"excerpt":{"rendered":"<p>H\u00e4r \u00e4r k\u00f6ksstolarna som kom i fredags: Och h\u00e4r \u00e4r &#8221;fynden&#8221; fr\u00e5n loppmarknaderna ig\u00e5r: Och jag har ont i ryggen idag efter att ha burit den d\u00e4r blomsterl\u00e5dan&#8230; Idag har jag fixat med andra skarven (v\u00e4ggen ut mot tr\u00e4dg\u00e5rden). F\u00f6re och efter: I fredags (eller torsdags) kv\u00e4ll var inte f\u00f6nstrena &#8230;<\/p>\n","protected":false},"author":1,"featured_media":0,"comment_status":"open","ping_status":"open","sticky":false,"template":"","format":"standard","meta":{"jetpack_post_was_ever_published":false,"_jetpack_newsletter_access":"","_jetpack_dont_email_post_to_subs":false,"_jetpack_newsletter_tier_id":0,"footnotes":""},"categories":[12],"tags":[],"jetpack_sharing_enabled":true,"jetpack_featured_media_url":"","_links":{"self":[{"href":"https:\/\/www.montendre.se\/index.php?rest_route=\/wp\/v2\/posts\/660"}],"collection":[{"href":"https:\/\/www.montendre.se\/index.php?rest_route=\/wp\/v2\/posts"}],"about":[{"href":"https:\/\/www.montendre.se\/index.php?rest_route=\/wp\/v2\/types\/post"}],"author":[{"embeddable":true,"href":"https:\/\/www.montendre.se\/index.php?rest_route=\/wp\/v2\/users\/1"}],"replies":[{"embeddable":true,"href":"https:\/\/www.montendre.se\/index.php?rest_route=%2Fwp%2Fv2%2Fcomments&post=660"}],"version-history":[{"count":1,"href":"https:\/\/www.montendre.se\/index.php?rest_route=\/wp\/v2\/posts\/660\/revisions"}],"predecessor-version":[{"id":668,"href":"https:\/\/www.montendre.se\/index.php?rest_route=\/wp\/v2\/posts\/660\/revisions\/668"}],"wp:attachment":[{"href":"https:\/\/www.montendre.se\/index.php?rest_route=%2Fwp%2Fv2%2Fmedia&parent=660"}],"wp:term":[{"taxonomy":"category","embeddable":true,"href":"https:\/\/www.montendre.se\/index.php?rest_route=%2Fwp%2Fv2%2Fcategories&post=660"},{"taxonomy":"post_tag","embeddable":true,"href":"https:\/\/www.montendre.se\/index.php?rest_route=%2Fwp%2Fv2%2Ftags&post=660"}],"curies":[{"name":"wp","href":"https:\/\/api.w.org\/{rel}","templated":true}]}}