{"id":6559,"date":"2025-01-08T20:32:10","date_gmt":"2025-01-08T19:32:10","guid":{"rendered":"https:\/\/www.montendre.se\/?p=6559"},"modified":"2025-01-08T20:33:41","modified_gmt":"2025-01-08T19:33:41","slug":"8-januari-2025","status":"publish","type":"post","link":"https:\/\/www.montendre.se\/?p=6559","title":{"rendered":"8 januari 2025"},"content":{"rendered":"<p>Mulet och lite regn men 14 grader idag.<\/p>\n<p>M\u00e5lat d\u00f6rrkarmar (foder? kanske b\u00e5de och?) i hallen nere. Bara ett f\u00f6rsta lager, beh\u00f6vs ju tv\u00e5. Toad\u00f6rren har inte torkat \u00e4n s\u00e5 det blir inget andra lager p\u00e5 den idag tror jag. Men det finns ju en massa andra st\u00e4llen att m\u00e5la p\u00e5.<\/p>\n<p><a href=\"https:\/\/www.montendre.se\/wp-content\/uploads\/2025\/01\/IMG_4767.jpeg\"><img loading=\"lazy\" decoding=\"async\" class=\"size-medium wp-image-6571 aligncenter\" src=\"https:\/\/www.montendre.se\/wp-content\/uploads\/2025\/01\/IMG_4767-225x300.jpeg\" alt=\"\" width=\"225\" height=\"300\" srcset=\"https:\/\/www.montendre.se\/wp-content\/uploads\/2025\/01\/IMG_4767-225x300.jpeg 225w, https:\/\/www.montendre.se\/wp-content\/uploads\/2025\/01\/IMG_4767-768x1024.jpeg 768w, https:\/\/www.montendre.se\/wp-content\/uploads\/2025\/01\/IMG_4767-700x933.jpeg 700w, https:\/\/www.montendre.se\/wp-content\/uploads\/2025\/01\/IMG_4767.jpeg 960w\" sizes=\"(max-width: 225px) 100vw, 225px\" \/><\/a><\/p>\n<p>Och m\u00e5lat ett sista lager gr\u00f6nt p\u00e5 en panel, s\u00e5 nu ska alla gr\u00f6na paneler vara m\u00e5lade tv\u00e5 g\u00e5nger. \u00c5tminstone av de paneler jag t\u00e4nkt m\u00e5la i den h\u00e4r omg\u00e5ngen. Finns n\u00e5gra om\u00e5lade i k\u00f6ket. Kanske m\u00e5las senare. On verra&#8230;<\/p>\n<p>Blev inbjuden lite pl\u00f6tsligt till grannarna i &#8221;tandl\u00e4karhuset&#8221;, Ian och kanske Marie-Louise? F\u00e5r korrigera senare om det \u00e4r fel namn p\u00e5 henne. Det hade bjudit in en hantverkare som fixat deras k\u00f6k och grannen l\u00e4ngre ner i backen, hon som har \u00f6ppnat galleriet. Jag stannade bara 40 minuter kanske f\u00f6r jag hade t\u00e4nkt g\u00e5 och \u00e4ta p\u00e5 Quincaillerian. N\u00e4r jag kom ner till Quincaillerian s\u00e5 var den st\u00e4ngd. Sista dagen p\u00e5 deras julst\u00e4ngning idag&#8230; S\u00e5 det blev pizza i st\u00e4llet.<\/p>\n<p>Grannarna verkar v\u00e4ldigt trevliga i alla fall och v\u00e4ldigt tjusigt hus.<\/p>\n","protected":false},"excerpt":{"rendered":"<p>Mulet och lite regn men 14 grader idag. M\u00e5lat d\u00f6rrkarmar (foder? kanske b\u00e5de och?) i hallen nere. Bara ett f\u00f6rsta lager, beh\u00f6vs ju tv\u00e5. Toad\u00f6rren har inte torkat \u00e4n s\u00e5 det blir inget andra lager p\u00e5 den idag tror jag. Men det finns ju en massa andra st\u00e4llen att m\u00e5la &#8230;<\/p>\n","protected":false},"author":1,"featured_media":0,"comment_status":"open","ping_status":"open","sticky":false,"template":"","format":"standard","meta":{"jetpack_post_was_ever_published":false,"_jetpack_newsletter_access":"","_jetpack_dont_email_post_to_subs":false,"_jetpack_newsletter_tier_id":0,"footnotes":""},"categories":[95],"tags":[],"jetpack_sharing_enabled":true,"jetpack_featured_media_url":"","_links":{"self":[{"href":"https:\/\/www.montendre.se\/index.php?rest_route=\/wp\/v2\/posts\/6559"}],"collection":[{"href":"https:\/\/www.montendre.se\/index.php?rest_route=\/wp\/v2\/posts"}],"about":[{"href":"https:\/\/www.montendre.se\/index.php?rest_route=\/wp\/v2\/types\/post"}],"author":[{"embeddable":true,"href":"https:\/\/www.montendre.se\/index.php?rest_route=\/wp\/v2\/users\/1"}],"replies":[{"embeddable":true,"href":"https:\/\/www.montendre.se\/index.php?rest_route=%2Fwp%2Fv2%2Fcomments&post=6559"}],"version-history":[{"count":14,"href":"https:\/\/www.montendre.se\/index.php?rest_route=\/wp\/v2\/posts\/6559\/revisions"}],"predecessor-version":[{"id":6574,"href":"https:\/\/www.montendre.se\/index.php?rest_route=\/wp\/v2\/posts\/6559\/revisions\/6574"}],"wp:attachment":[{"href":"https:\/\/www.montendre.se\/index.php?rest_route=%2Fwp%2Fv2%2Fmedia&parent=6559"}],"wp:term":[{"taxonomy":"category","embeddable":true,"href":"https:\/\/www.montendre.se\/index.php?rest_route=%2Fwp%2Fv2%2Fcategories&post=6559"},{"taxonomy":"post_tag","embeddable":true,"href":"https:\/\/www.montendre.se\/index.php?rest_route=%2Fwp%2Fv2%2Ftags&post=6559"}],"curies":[{"name":"wp","href":"https:\/\/api.w.org\/{rel}","templated":true}]}}