{"id":6543,"date":"2025-01-07T20:17:14","date_gmt":"2025-01-07T19:17:14","guid":{"rendered":"https:\/\/www.montendre.se\/?p=6543"},"modified":"2025-01-07T21:48:59","modified_gmt":"2025-01-07T20:48:59","slug":"7-januari-2025","status":"publish","type":"post","link":"https:\/\/www.montendre.se\/?p=6543","title":{"rendered":"7 januari 2025"},"content":{"rendered":"<p>Lite solglimtar p\u00e5 f\u00f6rmiddagen, regn p\u00e5 eftermiddagen.<\/p>\n<p>Kyligt inomhus, 16 grader i k\u00f6ket p\u00e5 morgonen 18 i vardagsrummet. F\u00f6rmodligen f\u00f6r att jag eldade i kaminen ig\u00e5r kv\u00e4ll. Sovrum och badrum \u00e4r ju varma och bra.<\/p>\n<p>Palmliljan har v\u00e4l blommat klart men ser ju halvhyfsad ut \u00e4nd\u00e5.<\/p>\n<p><a href=\"https:\/\/www.montendre.se\/wp-content\/uploads\/2025\/01\/IMG_4739.jpeg\"><img loading=\"lazy\" decoding=\"async\" class=\"size-medium wp-image-6548 aligncenter\" src=\"https:\/\/www.montendre.se\/wp-content\/uploads\/2025\/01\/IMG_4739-225x300.jpeg\" alt=\"\" width=\"225\" height=\"300\" srcset=\"https:\/\/www.montendre.se\/wp-content\/uploads\/2025\/01\/IMG_4739-225x300.jpeg 225w, https:\/\/www.montendre.se\/wp-content\/uploads\/2025\/01\/IMG_4739-768x1024.jpeg 768w, https:\/\/www.montendre.se\/wp-content\/uploads\/2025\/01\/IMG_4739-700x933.jpeg 700w, https:\/\/www.montendre.se\/wp-content\/uploads\/2025\/01\/IMG_4739.jpeg 960w\" sizes=\"(max-width: 225px) 100vw, 225px\" \/><\/a><\/p>\n<p>N\u00e5gra av l\u00f6karna som sattes i b\u00f6rjan av oktober b\u00f6rjar titta upp. Vilken sort \u00e4r det som kommer upp? Planterade som ett V. S\u00e5 guldl\u00f6k eller bukettnarciss kanske?<\/p>\n<p><a href=\"https:\/\/www.montendre.se\/wp-content\/uploads\/2025\/01\/IMG_4743.jpeg\"><img loading=\"lazy\" decoding=\"async\" class=\"size-medium wp-image-6547 aligncenter\" src=\"https:\/\/www.montendre.se\/wp-content\/uploads\/2025\/01\/IMG_4743-300x225.jpeg\" alt=\"\" width=\"300\" height=\"225\" srcset=\"https:\/\/www.montendre.se\/wp-content\/uploads\/2025\/01\/IMG_4743-300x225.jpeg 300w, https:\/\/www.montendre.se\/wp-content\/uploads\/2025\/01\/IMG_4743-1024x768.jpeg 1024w, https:\/\/www.montendre.se\/wp-content\/uploads\/2025\/01\/IMG_4743-768x576.jpeg 768w, https:\/\/www.montendre.se\/wp-content\/uploads\/2025\/01\/IMG_4743-268x200.jpeg 268w, https:\/\/www.montendre.se\/wp-content\/uploads\/2025\/01\/IMG_4743-700x525.jpeg 700w, https:\/\/www.montendre.se\/wp-content\/uploads\/2025\/01\/IMG_4743.jpeg 1280w\" sizes=\"(max-width: 300px) 100vw, 300px\" \/><\/a><a href=\"https:\/\/www.montendre.se\/wp-content\/uploads\/2025\/01\/IMG_4759.jpeg\"><img loading=\"lazy\" decoding=\"async\" class=\"size-medium wp-image-6557 aligncenter\" src=\"https:\/\/www.montendre.se\/wp-content\/uploads\/2025\/01\/IMG_4759-300x225.jpeg\" alt=\"\" width=\"300\" height=\"225\" srcset=\"https:\/\/www.montendre.se\/wp-content\/uploads\/2025\/01\/IMG_4759-300x225.jpeg 300w, https:\/\/www.montendre.se\/wp-content\/uploads\/2025\/01\/IMG_4759-1024x768.jpeg 1024w, https:\/\/www.montendre.se\/wp-content\/uploads\/2025\/01\/IMG_4759-768x576.jpeg 768w, https:\/\/www.montendre.se\/wp-content\/uploads\/2025\/01\/IMG_4759-268x200.jpeg 268w, https:\/\/www.montendre.se\/wp-content\/uploads\/2025\/01\/IMG_4759-700x525.jpeg 700w, https:\/\/www.montendre.se\/wp-content\/uploads\/2025\/01\/IMG_4759.jpeg 1280w\" sizes=\"(max-width: 300px) 100vw, 300px\" \/><\/a><\/p>\n<p>B\u00f6rjade m\u00e5la toad\u00f6rren nere gr\u00e5. B\u00e5de in och ut-sida. Samma ljusgr\u00e5 som alla andra nym\u00e5lade d\u00f6rrar \u00e4r. Och m\u00e5lat gr\u00f6nt en andra g\u00e5ng p\u00e5 en del av panelen i hallen.<\/p>\n<p>F\u00e5rostpasta hemma.<\/p>\n<p>Tittar p\u00e5 b\u00e5de The Diplomat och Black Doves. Bra b\u00e5da tv\u00e5.<\/p>\n","protected":false},"excerpt":{"rendered":"<p>Lite solglimtar p\u00e5 f\u00f6rmiddagen, regn p\u00e5 eftermiddagen. Kyligt inomhus, 16 grader i k\u00f6ket p\u00e5 morgonen 18 i vardagsrummet. F\u00f6rmodligen f\u00f6r att jag eldade i kaminen ig\u00e5r kv\u00e4ll. Sovrum och badrum \u00e4r ju varma och bra. Palmliljan har v\u00e4l blommat klart men ser ju halvhyfsad ut \u00e4nd\u00e5. N\u00e5gra av l\u00f6karna som &#8230;<\/p>\n","protected":false},"author":1,"featured_media":0,"comment_status":"open","ping_status":"open","sticky":false,"template":"","format":"standard","meta":{"jetpack_post_was_ever_published":false,"_jetpack_newsletter_access":"","_jetpack_dont_email_post_to_subs":false,"_jetpack_newsletter_tier_id":0,"footnotes":""},"categories":[95],"tags":[],"jetpack_sharing_enabled":true,"jetpack_featured_media_url":"","_links":{"self":[{"href":"https:\/\/www.montendre.se\/index.php?rest_route=\/wp\/v2\/posts\/6543"}],"collection":[{"href":"https:\/\/www.montendre.se\/index.php?rest_route=\/wp\/v2\/posts"}],"about":[{"href":"https:\/\/www.montendre.se\/index.php?rest_route=\/wp\/v2\/types\/post"}],"author":[{"embeddable":true,"href":"https:\/\/www.montendre.se\/index.php?rest_route=\/wp\/v2\/users\/1"}],"replies":[{"embeddable":true,"href":"https:\/\/www.montendre.se\/index.php?rest_route=%2Fwp%2Fv2%2Fcomments&post=6543"}],"version-history":[{"count":11,"href":"https:\/\/www.montendre.se\/index.php?rest_route=\/wp\/v2\/posts\/6543\/revisions"}],"predecessor-version":[{"id":6558,"href":"https:\/\/www.montendre.se\/index.php?rest_route=\/wp\/v2\/posts\/6543\/revisions\/6558"}],"wp:attachment":[{"href":"https:\/\/www.montendre.se\/index.php?rest_route=%2Fwp%2Fv2%2Fmedia&parent=6543"}],"wp:term":[{"taxonomy":"category","embeddable":true,"href":"https:\/\/www.montendre.se\/index.php?rest_route=%2Fwp%2Fv2%2Fcategories&post=6543"},{"taxonomy":"post_tag","embeddable":true,"href":"https:\/\/www.montendre.se\/index.php?rest_route=%2Fwp%2Fv2%2Ftags&post=6543"}],"curies":[{"name":"wp","href":"https:\/\/api.w.org\/{rel}","templated":true}]}}