{"id":652,"date":"2012-04-07T15:04:41","date_gmt":"2012-04-07T13:04:41","guid":{"rendered":"http:\/\/www.montendre.se\/?p=652"},"modified":"2013-07-17T15:04:56","modified_gmt":"2013-07-17T13:04:56","slug":"7-april-2012","status":"publish","type":"post","link":"https:\/\/www.montendre.se\/?p=652","title":{"rendered":"7 april 2012"},"content":{"rendered":"<p>Regnade p\u00e5 morgonen s\u00e5 vi \u00e5kte till Bordeaux f\u00f6r att g\u00e5 p\u00e5 Ikea och sedan kolla p\u00e5 klinker till k\u00f6ket.<br \/>\nHittade inget riktigt klockrent klinker. Ska helst vara 12 cm breda.<\/p>\n<p>N\u00e4r vi kom tillbaka till Montendre strax f\u00f6re tv\u00e5 b\u00f6rjade solen skina och nu \u00e4r det 18 grader och sol.<\/p>\n<p>Lena har pysslat med nyink\u00f6pta stolsdynor och f\u00f6rvaringsl\u00e5dor och lite annat sm\u00e5tt och gott.<\/p>\n<p>Jag har gr\u00e4vt upp en del av gr\u00e4smattan. Ska testa att s\u00e5 nytt gr\u00e4s d\u00e4r.<\/p>\n<p>Grannen Georges tyckte vi hade k\u00f6pt s\u00e5 mycket plantor s\u00e5 han gr\u00e4vde och ut\u00f6kade gr\u00f6nsakslandet under f\u00f6rmiddagen.<br \/>\nHan fyller ju bara 81 \u00e5r n\u00e4sta vecka s\u00e5 han borde ju orka \ud83d\ude09<\/p>\n<p>Ska till Mortagne f\u00f6r att \u00e4ta i kv\u00e4ll.<\/p>\n","protected":false},"excerpt":{"rendered":"<p>Regnade p\u00e5 morgonen s\u00e5 vi \u00e5kte till Bordeaux f\u00f6r att g\u00e5 p\u00e5 Ikea och sedan kolla p\u00e5 klinker till k\u00f6ket. Hittade inget riktigt klockrent klinker. Ska helst vara 12 cm breda. N\u00e4r vi kom tillbaka till Montendre strax f\u00f6re tv\u00e5 b\u00f6rjade solen skina och nu \u00e4r det 18 grader och &#8230;<\/p>\n","protected":false},"author":1,"featured_media":0,"comment_status":"open","ping_status":"open","sticky":false,"template":"","format":"standard","meta":{"jetpack_post_was_ever_published":false,"_jetpack_newsletter_access":"","_jetpack_dont_email_post_to_subs":false,"_jetpack_newsletter_tier_id":0,"footnotes":""},"categories":[12],"tags":[],"jetpack_sharing_enabled":true,"jetpack_featured_media_url":"","_links":{"self":[{"href":"https:\/\/www.montendre.se\/index.php?rest_route=\/wp\/v2\/posts\/652"}],"collection":[{"href":"https:\/\/www.montendre.se\/index.php?rest_route=\/wp\/v2\/posts"}],"about":[{"href":"https:\/\/www.montendre.se\/index.php?rest_route=\/wp\/v2\/types\/post"}],"author":[{"embeddable":true,"href":"https:\/\/www.montendre.se\/index.php?rest_route=\/wp\/v2\/users\/1"}],"replies":[{"embeddable":true,"href":"https:\/\/www.montendre.se\/index.php?rest_route=%2Fwp%2Fv2%2Fcomments&post=652"}],"version-history":[{"count":1,"href":"https:\/\/www.montendre.se\/index.php?rest_route=\/wp\/v2\/posts\/652\/revisions"}],"predecessor-version":[{"id":653,"href":"https:\/\/www.montendre.se\/index.php?rest_route=\/wp\/v2\/posts\/652\/revisions\/653"}],"wp:attachment":[{"href":"https:\/\/www.montendre.se\/index.php?rest_route=%2Fwp%2Fv2%2Fmedia&parent=652"}],"wp:term":[{"taxonomy":"category","embeddable":true,"href":"https:\/\/www.montendre.se\/index.php?rest_route=%2Fwp%2Fv2%2Fcategories&post=652"},{"taxonomy":"post_tag","embeddable":true,"href":"https:\/\/www.montendre.se\/index.php?rest_route=%2Fwp%2Fv2%2Ftags&post=652"}],"curies":[{"name":"wp","href":"https:\/\/api.w.org\/{rel}","templated":true}]}}