{"id":648,"date":"2012-04-06T15:01:58","date_gmt":"2012-04-06T13:01:58","guid":{"rendered":"http:\/\/www.montendre.se\/?p=648"},"modified":"2013-07-17T15:04:22","modified_gmt":"2013-07-17T13:04:22","slug":"6-april-2012","status":"publish","type":"post","link":"https:\/\/www.montendre.se\/?p=648","title":{"rendered":"6 april 2012"},"content":{"rendered":"<p>Handlat en hel del v\u00e4xter som ska ner i landet:<br \/>\nTomater<br \/>\nPotatis<br \/>\nSquash<br \/>\nBlomk\u00e5l<br \/>\nPaprika<br \/>\nSallad<br \/>\nRotselleri<br \/>\nBasilika<br \/>\nL\u00f6k<\/p>\n<p>Varit lite v\u00e4xlande v\u00e4der, just nu 17:00 \u00e4r det sol och runt 17 grader, men tidigare har det delvis regnat och varit mulet.<\/p>\n<p>K\u00f6pte gipsbruk och har fixat en av kanterna i k\u00f6ket d\u00e4r v\u00e4ggen satt.<br \/>\nF\u00f6re och efter:<\/p>\n<p><a href=\"http:\/\/www.montendre.se\/wp-content\/uploads\/2013\/07\/IMG_4943.jpg\"><img loading=\"lazy\" decoding=\"async\" class=\"aligncenter size-medium wp-image-649\" title=\"IMG_4943\" src=\"http:\/\/www.montendre.se\/wp-content\/uploads\/2013\/07\/IMG_4943-225x300.jpg\" alt=\"\" width=\"225\" height=\"300\" srcset=\"https:\/\/www.montendre.se\/wp-content\/uploads\/2013\/07\/IMG_4943-225x300.jpg 225w, https:\/\/www.montendre.se\/wp-content\/uploads\/2013\/07\/IMG_4943-768x1024.jpg 768w, https:\/\/www.montendre.se\/wp-content\/uploads\/2013\/07\/IMG_4943-700x933.jpg 700w\" sizes=\"(max-width: 225px) 100vw, 225px\" \/><\/a><\/p>\n<p><a href=\"http:\/\/www.montendre.se\/wp-content\/uploads\/2013\/07\/IMG_1913.jpg\"><img loading=\"lazy\" decoding=\"async\" class=\"aligncenter size-medium wp-image-650\" title=\"IMG_1913\" src=\"http:\/\/www.montendre.se\/wp-content\/uploads\/2013\/07\/IMG_1913-224x300.jpg\" alt=\"\" width=\"224\" height=\"300\" srcset=\"https:\/\/www.montendre.se\/wp-content\/uploads\/2013\/07\/IMG_1913-224x300.jpg 224w, https:\/\/www.montendre.se\/wp-content\/uploads\/2013\/07\/IMG_1913-764x1024.jpg 764w, https:\/\/www.montendre.se\/wp-content\/uploads\/2013\/07\/IMG_1913-700x937.jpg 700w, https:\/\/www.montendre.se\/wp-content\/uploads\/2013\/07\/IMG_1913.jpg 1936w\" sizes=\"(max-width: 224px) 100vw, 224px\" \/><\/a>Fick precis de k\u00f6ksstolar som vi best\u00e4llt p\u00e5 n\u00e4tet.<\/p>\n","protected":false},"excerpt":{"rendered":"<p>Handlat en hel del v\u00e4xter som ska ner i landet: Tomater Potatis Squash Blomk\u00e5l Paprika Sallad Rotselleri Basilika L\u00f6k Varit lite v\u00e4xlande v\u00e4der, just nu 17:00 \u00e4r det sol och runt 17 grader, men tidigare har det delvis regnat och varit mulet. K\u00f6pte gipsbruk och har fixat en av kanterna &#8230;<\/p>\n","protected":false},"author":1,"featured_media":0,"comment_status":"open","ping_status":"open","sticky":false,"template":"","format":"standard","meta":{"jetpack_post_was_ever_published":false,"_jetpack_newsletter_access":"","_jetpack_dont_email_post_to_subs":false,"_jetpack_newsletter_tier_id":0,"footnotes":""},"categories":[12],"tags":[],"jetpack_sharing_enabled":true,"jetpack_featured_media_url":"","_links":{"self":[{"href":"https:\/\/www.montendre.se\/index.php?rest_route=\/wp\/v2\/posts\/648"}],"collection":[{"href":"https:\/\/www.montendre.se\/index.php?rest_route=\/wp\/v2\/posts"}],"about":[{"href":"https:\/\/www.montendre.se\/index.php?rest_route=\/wp\/v2\/types\/post"}],"author":[{"embeddable":true,"href":"https:\/\/www.montendre.se\/index.php?rest_route=\/wp\/v2\/users\/1"}],"replies":[{"embeddable":true,"href":"https:\/\/www.montendre.se\/index.php?rest_route=%2Fwp%2Fv2%2Fcomments&post=648"}],"version-history":[{"count":1,"href":"https:\/\/www.montendre.se\/index.php?rest_route=\/wp\/v2\/posts\/648\/revisions"}],"predecessor-version":[{"id":651,"href":"https:\/\/www.montendre.se\/index.php?rest_route=\/wp\/v2\/posts\/648\/revisions\/651"}],"wp:attachment":[{"href":"https:\/\/www.montendre.se\/index.php?rest_route=%2Fwp%2Fv2%2Fmedia&parent=648"}],"wp:term":[{"taxonomy":"category","embeddable":true,"href":"https:\/\/www.montendre.se\/index.php?rest_route=%2Fwp%2Fv2%2Fcategories&post=648"},{"taxonomy":"post_tag","embeddable":true,"href":"https:\/\/www.montendre.se\/index.php?rest_route=%2Fwp%2Fv2%2Ftags&post=648"}],"curies":[{"name":"wp","href":"https:\/\/api.w.org\/{rel}","templated":true}]}}