{"id":639,"date":"2012-04-05T14:56:40","date_gmt":"2012-04-05T12:56:40","guid":{"rendered":"http:\/\/www.montendre.se\/?p=639"},"modified":"2013-07-17T15:01:38","modified_gmt":"2013-07-17T13:01:38","slug":"5-april-2012","status":"publish","type":"post","link":"https:\/\/www.montendre.se\/?p=639","title":{"rendered":"5 april 2012"},"content":{"rendered":"<p>Kallt i Biarritz n\u00e4r vi landade, 10 grader och lite regn. N\u00e4r vi kom upp mot Bordeaux blev det 18 grader och lite sol.<\/p>\n<p>Georges har jobbat h\u00e5rt i tr\u00e4dg\u00e5rden. Plockat bort en massa ogr\u00e4s.<\/p>\n<p><a href=\"http:\/\/www.montendre.se\/wp-content\/uploads\/2013\/07\/IMG_1908.jpg\"><img loading=\"lazy\" decoding=\"async\" class=\"aligncenter size-medium wp-image-640\" title=\"IMG_1908\" src=\"http:\/\/www.montendre.se\/wp-content\/uploads\/2013\/07\/IMG_1908-300x224.jpg\" alt=\"\" width=\"300\" height=\"224\" srcset=\"https:\/\/www.montendre.se\/wp-content\/uploads\/2013\/07\/IMG_1908-300x224.jpg 300w, https:\/\/www.montendre.se\/wp-content\/uploads\/2013\/07\/IMG_1908-1024x764.jpg 1024w, https:\/\/www.montendre.se\/wp-content\/uploads\/2013\/07\/IMG_1908-268x200.jpg 268w, https:\/\/www.montendre.se\/wp-content\/uploads\/2013\/07\/IMG_1908-700x522.jpg 700w\" sizes=\"(max-width: 300px) 100vw, 300px\" \/><\/a>Kron\u00e4rtskockorna verkar inte ha klarat den ovanligt kalla vintern:<\/p>\n<p><a href=\"http:\/\/www.montendre.se\/wp-content\/uploads\/2013\/07\/IMG_1905.jpg\"><img loading=\"lazy\" decoding=\"async\" class=\"aligncenter size-medium wp-image-641\" title=\"IMG_1905\" src=\"http:\/\/www.montendre.se\/wp-content\/uploads\/2013\/07\/IMG_1905-300x224.jpg\" alt=\"\" width=\"300\" height=\"224\" srcset=\"https:\/\/www.montendre.se\/wp-content\/uploads\/2013\/07\/IMG_1905-300x224.jpg 300w, https:\/\/www.montendre.se\/wp-content\/uploads\/2013\/07\/IMG_1905-1024x764.jpg 1024w, https:\/\/www.montendre.se\/wp-content\/uploads\/2013\/07\/IMG_1905-268x200.jpg 268w, https:\/\/www.montendre.se\/wp-content\/uploads\/2013\/07\/IMG_1905-700x522.jpg 700w\" sizes=\"(max-width: 300px) 100vw, 300px\" \/><\/a>Men frukttr\u00e4den, syrenen och kvitten blommar bra.<\/p>\n<p><a href=\"http:\/\/www.montendre.se\/wp-content\/uploads\/2013\/07\/IMG_1903.jpg\"><img loading=\"lazy\" decoding=\"async\" class=\"aligncenter size-medium wp-image-642\" title=\"IMG_1903\" src=\"http:\/\/www.montendre.se\/wp-content\/uploads\/2013\/07\/IMG_1903-300x224.jpg\" alt=\"\" width=\"300\" height=\"224\" srcset=\"https:\/\/www.montendre.se\/wp-content\/uploads\/2013\/07\/IMG_1903-300x224.jpg 300w, https:\/\/www.montendre.se\/wp-content\/uploads\/2013\/07\/IMG_1903-1024x764.jpg 1024w, https:\/\/www.montendre.se\/wp-content\/uploads\/2013\/07\/IMG_1903-268x200.jpg 268w, https:\/\/www.montendre.se\/wp-content\/uploads\/2013\/07\/IMG_1903-700x522.jpg 700w\" sizes=\"(max-width: 300px) 100vw, 300px\" \/><\/a><a href=\"http:\/\/www.montendre.se\/wp-content\/uploads\/2013\/07\/IMG_1900.jpg\"><img loading=\"lazy\" decoding=\"async\" class=\"aligncenter size-medium wp-image-643\" title=\"IMG_1900\" src=\"http:\/\/www.montendre.se\/wp-content\/uploads\/2013\/07\/IMG_1900-300x224.jpg\" alt=\"\" width=\"300\" height=\"224\" srcset=\"https:\/\/www.montendre.se\/wp-content\/uploads\/2013\/07\/IMG_1900-300x224.jpg 300w, https:\/\/www.montendre.se\/wp-content\/uploads\/2013\/07\/IMG_1900-1024x764.jpg 1024w, https:\/\/www.montendre.se\/wp-content\/uploads\/2013\/07\/IMG_1900-268x200.jpg 268w, https:\/\/www.montendre.se\/wp-content\/uploads\/2013\/07\/IMG_1900-700x522.jpg 700w\" sizes=\"(max-width: 300px) 100vw, 300px\" \/><\/a><a href=\"http:\/\/www.montendre.se\/wp-content\/uploads\/2013\/07\/IMG_1909.jpg\"><img loading=\"lazy\" decoding=\"async\" class=\"aligncenter size-medium wp-image-644\" title=\"IMG_1909\" src=\"http:\/\/www.montendre.se\/wp-content\/uploads\/2013\/07\/IMG_1909-300x224.jpg\" alt=\"\" width=\"300\" height=\"224\" srcset=\"https:\/\/www.montendre.se\/wp-content\/uploads\/2013\/07\/IMG_1909-300x224.jpg 300w, https:\/\/www.montendre.se\/wp-content\/uploads\/2013\/07\/IMG_1909-1024x764.jpg 1024w, https:\/\/www.montendre.se\/wp-content\/uploads\/2013\/07\/IMG_1909-268x200.jpg 268w, https:\/\/www.montendre.se\/wp-content\/uploads\/2013\/07\/IMG_1909-700x522.jpg 700w\" sizes=\"(max-width: 300px) 100vw, 300px\" \/><\/a>V\u00e5ra nysatta hallonbuskar st\u00e5r sig ocks\u00e5 och lite kryddor (rosmarin, citronmeliss och persilja).<\/p>\n<p><a href=\"http:\/\/www.montendre.se\/wp-content\/uploads\/2013\/07\/IMG_1907.jpg\"><img loading=\"lazy\" decoding=\"async\" class=\"aligncenter size-medium wp-image-645\" title=\"IMG_1907\" src=\"http:\/\/www.montendre.se\/wp-content\/uploads\/2013\/07\/IMG_1907-300x224.jpg\" alt=\"\" width=\"300\" height=\"224\" srcset=\"https:\/\/www.montendre.se\/wp-content\/uploads\/2013\/07\/IMG_1907-300x224.jpg 300w, https:\/\/www.montendre.se\/wp-content\/uploads\/2013\/07\/IMG_1907-1024x764.jpg 1024w, https:\/\/www.montendre.se\/wp-content\/uploads\/2013\/07\/IMG_1907-268x200.jpg 268w, https:\/\/www.montendre.se\/wp-content\/uploads\/2013\/07\/IMG_1907-700x522.jpg 700w\" sizes=\"(max-width: 300px) 100vw, 300px\" \/><\/a><a href=\"http:\/\/www.montendre.se\/wp-content\/uploads\/2013\/07\/IMG_1906.jpg\"><img loading=\"lazy\" decoding=\"async\" class=\"aligncenter size-medium wp-image-646\" title=\"IMG_1906\" src=\"http:\/\/www.montendre.se\/wp-content\/uploads\/2013\/07\/IMG_1906-300x224.jpg\" alt=\"\" width=\"300\" height=\"224\" srcset=\"https:\/\/www.montendre.se\/wp-content\/uploads\/2013\/07\/IMG_1906-300x224.jpg 300w, https:\/\/www.montendre.se\/wp-content\/uploads\/2013\/07\/IMG_1906-1024x764.jpg 1024w, https:\/\/www.montendre.se\/wp-content\/uploads\/2013\/07\/IMG_1906-268x200.jpg 268w, https:\/\/www.montendre.se\/wp-content\/uploads\/2013\/07\/IMG_1906-700x522.jpg 700w\" sizes=\"(max-width: 300px) 100vw, 300px\" \/><\/a><\/p>\n","protected":false},"excerpt":{"rendered":"<p>Kallt i Biarritz n\u00e4r vi landade, 10 grader och lite regn. N\u00e4r vi kom upp mot Bordeaux blev det 18 grader och lite sol. Georges har jobbat h\u00e5rt i tr\u00e4dg\u00e5rden. Plockat bort en massa ogr\u00e4s. Kron\u00e4rtskockorna verkar inte ha klarat den ovanligt kalla vintern: Men frukttr\u00e4den, syrenen och kvitten blommar &#8230;<\/p>\n","protected":false},"author":1,"featured_media":0,"comment_status":"open","ping_status":"open","sticky":false,"template":"","format":"standard","meta":{"jetpack_post_was_ever_published":false,"_jetpack_newsletter_access":"","_jetpack_dont_email_post_to_subs":false,"_jetpack_newsletter_tier_id":0,"footnotes":""},"categories":[12],"tags":[],"jetpack_sharing_enabled":true,"jetpack_featured_media_url":"","_links":{"self":[{"href":"https:\/\/www.montendre.se\/index.php?rest_route=\/wp\/v2\/posts\/639"}],"collection":[{"href":"https:\/\/www.montendre.se\/index.php?rest_route=\/wp\/v2\/posts"}],"about":[{"href":"https:\/\/www.montendre.se\/index.php?rest_route=\/wp\/v2\/types\/post"}],"author":[{"embeddable":true,"href":"https:\/\/www.montendre.se\/index.php?rest_route=\/wp\/v2\/users\/1"}],"replies":[{"embeddable":true,"href":"https:\/\/www.montendre.se\/index.php?rest_route=%2Fwp%2Fv2%2Fcomments&post=639"}],"version-history":[{"count":1,"href":"https:\/\/www.montendre.se\/index.php?rest_route=\/wp\/v2\/posts\/639\/revisions"}],"predecessor-version":[{"id":647,"href":"https:\/\/www.montendre.se\/index.php?rest_route=\/wp\/v2\/posts\/639\/revisions\/647"}],"wp:attachment":[{"href":"https:\/\/www.montendre.se\/index.php?rest_route=%2Fwp%2Fv2%2Fmedia&parent=639"}],"wp:term":[{"taxonomy":"category","embeddable":true,"href":"https:\/\/www.montendre.se\/index.php?rest_route=%2Fwp%2Fv2%2Fcategories&post=639"},{"taxonomy":"post_tag","embeddable":true,"href":"https:\/\/www.montendre.se\/index.php?rest_route=%2Fwp%2Fv2%2Ftags&post=639"}],"curies":[{"name":"wp","href":"https:\/\/api.w.org\/{rel}","templated":true}]}}