{"id":6315,"date":"2024-08-25T20:55:58","date_gmt":"2024-08-25T18:55:58","guid":{"rendered":"https:\/\/www.montendre.se\/?p=6315"},"modified":"2024-08-25T20:57:22","modified_gmt":"2024-08-25T18:57:22","slug":"25-augusti-2024","status":"publish","type":"post","link":"https:\/\/www.montendre.se\/?p=6315","title":{"rendered":"25 augusti 2024"},"content":{"rendered":"<p>Soligt, 25 grader.<\/p>\n<p>Funderar lite p\u00e5 hallen nere. Jag har ju alltid tyckt att den \u00e4r f\u00f6r m\u00f6rk s\u00e5 bl.a. m\u00e5lade jag ju d\u00f6rren till matrummet ljusgr\u00e5 sist. Ska m\u00e5la d\u00f6rrkarmen gr\u00e5 (som i hallen uppe).<\/p>\n<p>Men jag vill m\u00e5la panelen ocks\u00e5. Tycker inte om den m\u00f6rkbruna, 70-talsaktiga tonen. (Och v\u00e4ggarna beh\u00f6ver ju inte vara vita, det \u00e4r mer grundf\u00e4rg efter att jag tog bort tapeten.)<\/p>\n<p><a href=\"https:\/\/www.montendre.se\/wp-content\/uploads\/2024\/08\/IMG_4048.jpeg\"><img loading=\"lazy\" decoding=\"async\" class=\"size-medium wp-image-6316 aligncenter\" src=\"https:\/\/www.montendre.se\/wp-content\/uploads\/2024\/08\/IMG_4048-225x300.jpeg\" alt=\"\" width=\"225\" height=\"300\" srcset=\"https:\/\/www.montendre.se\/wp-content\/uploads\/2024\/08\/IMG_4048-225x300.jpeg 225w, https:\/\/www.montendre.se\/wp-content\/uploads\/2024\/08\/IMG_4048-768x1024.jpeg 768w, https:\/\/www.montendre.se\/wp-content\/uploads\/2024\/08\/IMG_4048-700x933.jpeg 700w, https:\/\/www.montendre.se\/wp-content\/uploads\/2024\/08\/IMG_4048.jpeg 960w\" sizes=\"(max-width: 225px) 100vw, 225px\" \/><\/a>Skulle vilja ha en ganska ljus men \u00e4nd\u00e5 inte klart lysande f\u00e4rg, s\u00e5 n\u00e5gon slags &#8221;smutsaktig&#8221; f\u00e4rg. Funderar p\u00e5 de h\u00e4r tv\u00e5 f\u00f6r panelen. Andra f\u00f6rslag?<\/p>\n<p><a href=\"https:\/\/www.montendre.se\/wp-content\/uploads\/2024\/08\/IMG_4057.jpeg\"><img loading=\"lazy\" decoding=\"async\" class=\"size-medium wp-image-6317 aligncenter\" src=\"https:\/\/www.montendre.se\/wp-content\/uploads\/2024\/08\/IMG_4057-300x225.jpeg\" alt=\"\" width=\"300\" height=\"225\" srcset=\"https:\/\/www.montendre.se\/wp-content\/uploads\/2024\/08\/IMG_4057-300x225.jpeg 300w, https:\/\/www.montendre.se\/wp-content\/uploads\/2024\/08\/IMG_4057-1024x768.jpeg 1024w, https:\/\/www.montendre.se\/wp-content\/uploads\/2024\/08\/IMG_4057-768x576.jpeg 768w, https:\/\/www.montendre.se\/wp-content\/uploads\/2024\/08\/IMG_4057-268x200.jpeg 268w, https:\/\/www.montendre.se\/wp-content\/uploads\/2024\/08\/IMG_4057-700x525.jpeg 700w, https:\/\/www.montendre.se\/wp-content\/uploads\/2024\/08\/IMG_4057.jpeg 1280w\" sizes=\"(max-width: 300px) 100vw, 300px\" \/><\/a>Har m\u00e5lat p\u00e5 taklisterna i matrummet och satt upp lite fler lister. Blir ju inte klart med allt f\u00f6rst\u00e5s eftersom mycket h\u00e4nger p\u00e5 skyddspl\u00e5ten bakom kaminen. Utan skyddspl\u00e5t blir inte tapetsering klar, utan tapetsering blir inte taklisterna klara osv.<\/p>\n<p>Sedan r\u00f6jt murgr\u00f6na och bj\u00f6rnb\u00e4rssn\u00e5r i tr\u00e4dg\u00e5rden. Dagens sk\u00f6rd blev tre s\u00e4ckar.<\/p>\n<p><a href=\"https:\/\/www.montendre.se\/wp-content\/uploads\/2024\/08\/IMG_4064.jpeg\"><img loading=\"lazy\" decoding=\"async\" class=\"size-medium wp-image-6323 aligncenter\" src=\"https:\/\/www.montendre.se\/wp-content\/uploads\/2024\/08\/IMG_4064-300x225.jpeg\" alt=\"\" width=\"300\" height=\"225\" srcset=\"https:\/\/www.montendre.se\/wp-content\/uploads\/2024\/08\/IMG_4064-300x225.jpeg 300w, https:\/\/www.montendre.se\/wp-content\/uploads\/2024\/08\/IMG_4064-1024x768.jpeg 1024w, https:\/\/www.montendre.se\/wp-content\/uploads\/2024\/08\/IMG_4064-768x576.jpeg 768w, https:\/\/www.montendre.se\/wp-content\/uploads\/2024\/08\/IMG_4064-268x200.jpeg 268w, https:\/\/www.montendre.se\/wp-content\/uploads\/2024\/08\/IMG_4064-700x525.jpeg 700w, https:\/\/www.montendre.se\/wp-content\/uploads\/2024\/08\/IMG_4064.jpeg 1280w\" sizes=\"(max-width: 300px) 100vw, 300px\" \/><\/a><\/p>\n<p>Sedan \u00e4r det n\u00e5gra Robinia-tr\u00e4d som har nya grenar som v\u00e4xer ned\u00e5t. Inte s\u00e5 bra eftersom det \u00e4r r\u00e4tt stora taggar som man kan g\u00e5 in i. S\u00e5 jag klippte bort en hel del s\u00e5dant jox ocks\u00e5. Det f\u00e5r g\u00e4rna vara vildvuxet men utan att man river upp stora s\u00e5r n\u00e4r man g\u00e5r runt&#8230;<\/p>\n<p><a href=\"https:\/\/www.montendre.se\/wp-content\/uploads\/2024\/08\/IMG_4060.jpeg\"><img loading=\"lazy\" decoding=\"async\" class=\"size-medium wp-image-6318 aligncenter\" src=\"https:\/\/www.montendre.se\/wp-content\/uploads\/2024\/08\/IMG_4060-225x300.jpeg\" alt=\"\" width=\"225\" height=\"300\" srcset=\"https:\/\/www.montendre.se\/wp-content\/uploads\/2024\/08\/IMG_4060-225x300.jpeg 225w, https:\/\/www.montendre.se\/wp-content\/uploads\/2024\/08\/IMG_4060-768x1024.jpeg 768w, https:\/\/www.montendre.se\/wp-content\/uploads\/2024\/08\/IMG_4060-700x933.jpeg 700w, https:\/\/www.montendre.se\/wp-content\/uploads\/2024\/08\/IMG_4060.jpeg 960w\" sizes=\"(max-width: 225px) 100vw, 225px\" \/><\/a>Och hasseln\u00f6tsh\u00f6gen v\u00e4xer&#8230;<\/p>\n<p><a href=\"https:\/\/www.montendre.se\/wp-content\/uploads\/2024\/08\/IMG_4067.jpeg\"><img loading=\"lazy\" decoding=\"async\" class=\"size-medium wp-image-6328 aligncenter\" src=\"https:\/\/www.montendre.se\/wp-content\/uploads\/2024\/08\/IMG_4067-300x225.jpeg\" alt=\"\" width=\"300\" height=\"225\" srcset=\"https:\/\/www.montendre.se\/wp-content\/uploads\/2024\/08\/IMG_4067-300x225.jpeg 300w, https:\/\/www.montendre.se\/wp-content\/uploads\/2024\/08\/IMG_4067-1024x768.jpeg 1024w, https:\/\/www.montendre.se\/wp-content\/uploads\/2024\/08\/IMG_4067-768x576.jpeg 768w, https:\/\/www.montendre.se\/wp-content\/uploads\/2024\/08\/IMG_4067-268x200.jpeg 268w, https:\/\/www.montendre.se\/wp-content\/uploads\/2024\/08\/IMG_4067-700x525.jpeg 700w, https:\/\/www.montendre.se\/wp-content\/uploads\/2024\/08\/IMG_4067.jpeg 1280w\" sizes=\"(max-width: 300px) 100vw, 300px\" \/><\/a>B\u00f6rjade m\u00e5la lite p\u00e5 d\u00f6rr- och golv-lister i hall och matrum ocks\u00e5.<\/p>\n<p>Andra halvan av pasta med hj\u00e4rtmusslorna. Blev mycket godare idag, hade i mer vitl\u00f6k och salt.<\/p>\n<p>Forts\u00e4tter med Trauma, tv4play.<\/p>\n","protected":false},"excerpt":{"rendered":"<p>Soligt, 25 grader. Funderar lite p\u00e5 hallen nere. Jag har ju alltid tyckt att den \u00e4r f\u00f6r m\u00f6rk s\u00e5 bl.a. m\u00e5lade jag ju d\u00f6rren till matrummet ljusgr\u00e5 sist. Ska m\u00e5la d\u00f6rrkarmen gr\u00e5 (som i hallen uppe). Men jag vill m\u00e5la panelen ocks\u00e5. Tycker inte om den m\u00f6rkbruna, 70-talsaktiga tonen. (Och &#8230;<\/p>\n","protected":false},"author":1,"featured_media":0,"comment_status":"open","ping_status":"open","sticky":false,"template":"","format":"standard","meta":{"jetpack_post_was_ever_published":false,"_jetpack_newsletter_access":"","_jetpack_dont_email_post_to_subs":false,"_jetpack_newsletter_tier_id":0,"footnotes":""},"categories":[92],"tags":[],"jetpack_sharing_enabled":true,"jetpack_featured_media_url":"","_links":{"self":[{"href":"https:\/\/www.montendre.se\/index.php?rest_route=\/wp\/v2\/posts\/6315"}],"collection":[{"href":"https:\/\/www.montendre.se\/index.php?rest_route=\/wp\/v2\/posts"}],"about":[{"href":"https:\/\/www.montendre.se\/index.php?rest_route=\/wp\/v2\/types\/post"}],"author":[{"embeddable":true,"href":"https:\/\/www.montendre.se\/index.php?rest_route=\/wp\/v2\/users\/1"}],"replies":[{"embeddable":true,"href":"https:\/\/www.montendre.se\/index.php?rest_route=%2Fwp%2Fv2%2Fcomments&post=6315"}],"version-history":[{"count":18,"href":"https:\/\/www.montendre.se\/index.php?rest_route=\/wp\/v2\/posts\/6315\/revisions"}],"predecessor-version":[{"id":6338,"href":"https:\/\/www.montendre.se\/index.php?rest_route=\/wp\/v2\/posts\/6315\/revisions\/6338"}],"wp:attachment":[{"href":"https:\/\/www.montendre.se\/index.php?rest_route=%2Fwp%2Fv2%2Fmedia&parent=6315"}],"wp:term":[{"taxonomy":"category","embeddable":true,"href":"https:\/\/www.montendre.se\/index.php?rest_route=%2Fwp%2Fv2%2Fcategories&post=6315"},{"taxonomy":"post_tag","embeddable":true,"href":"https:\/\/www.montendre.se\/index.php?rest_route=%2Fwp%2Fv2%2Ftags&post=6315"}],"curies":[{"name":"wp","href":"https:\/\/api.w.org\/{rel}","templated":true}]}}