{"id":6255,"date":"2024-08-20T22:31:13","date_gmt":"2024-08-20T20:31:13","guid":{"rendered":"https:\/\/www.montendre.se\/?p=6255"},"modified":"2024-08-20T23:07:20","modified_gmt":"2024-08-20T21:07:20","slug":"20-augusti-2024","status":"publish","type":"post","link":"https:\/\/www.montendre.se\/?p=6255","title":{"rendered":"20 augusti 2024"},"content":{"rendered":"<p>Soldis hela dagen, 26 grader.<\/p>\n<p>Fixat med Klippo och bytt ut \u00e4nnu mer kabel f\u00f6r att f\u00e5 ig\u00e5ng den igen. Jag vattnar gr\u00e4set s\u00e5 gott det g\u00e5r. Var helt olidligt att g\u00e5 p\u00e5 barfota innan.<\/p>\n<p>H\u00e4ngde upp n\u00e4tet i d\u00f6rren. Var v\u00e4l inte riktigt gjort f\u00f6r den h\u00e4r d\u00f6rren. Lite f\u00f6r kort och f\u00f6rutsatte att man har r\u00e4tt breda tr\u00e4lister runt om d\u00f6rren vilket det inte \u00e4r h\u00e4r. H\u00e4r \u00e4r det knappt en centimeter tr\u00e4 innan det blir sten. F\u00e5r komplettera nederst med lite annat n\u00e4t. Nu ska det silas mygg och fladderm\u00f6ss!<\/p>\n<p><a href=\"https:\/\/www.montendre.se\/wp-content\/uploads\/2024\/08\/IMG_3990.jpeg\"><img loading=\"lazy\" decoding=\"async\" class=\"size-medium wp-image-6259 aligncenter\" src=\"https:\/\/www.montendre.se\/wp-content\/uploads\/2024\/08\/IMG_3990-225x300.jpeg\" alt=\"\" width=\"225\" height=\"300\" srcset=\"https:\/\/www.montendre.se\/wp-content\/uploads\/2024\/08\/IMG_3990-225x300.jpeg 225w, https:\/\/www.montendre.se\/wp-content\/uploads\/2024\/08\/IMG_3990-768x1024.jpeg 768w, https:\/\/www.montendre.se\/wp-content\/uploads\/2024\/08\/IMG_3990-700x933.jpeg 700w, https:\/\/www.montendre.se\/wp-content\/uploads\/2024\/08\/IMG_3990.jpeg 960w\" sizes=\"(max-width: 225px) 100vw, 225px\" \/><\/a><\/p>\n<p>&nbsp;<\/p>\n<p>Hittade lite verktyg i gr\u00e4smattan som jag saknat. Den franska varianten av Det som g\u00f6ms i sn\u00f6&#8230; blir: Det som g\u00f6ms i gr\u00e4s kommer fram i torka.<\/p>\n<p><a href=\"https:\/\/www.montendre.se\/wp-content\/uploads\/2024\/08\/IMG_3986.jpeg\"><img loading=\"lazy\" decoding=\"async\" class=\"size-medium wp-image-6256 aligncenter\" src=\"https:\/\/www.montendre.se\/wp-content\/uploads\/2024\/08\/IMG_3986-300x225.jpeg\" alt=\"\" width=\"300\" height=\"225\" srcset=\"https:\/\/www.montendre.se\/wp-content\/uploads\/2024\/08\/IMG_3986-300x225.jpeg 300w, https:\/\/www.montendre.se\/wp-content\/uploads\/2024\/08\/IMG_3986-1024x768.jpeg 1024w, https:\/\/www.montendre.se\/wp-content\/uploads\/2024\/08\/IMG_3986-768x576.jpeg 768w, https:\/\/www.montendre.se\/wp-content\/uploads\/2024\/08\/IMG_3986-268x200.jpeg 268w, https:\/\/www.montendre.se\/wp-content\/uploads\/2024\/08\/IMG_3986-700x525.jpeg 700w, https:\/\/www.montendre.se\/wp-content\/uploads\/2024\/08\/IMG_3986.jpeg 1280w\" sizes=\"(max-width: 300px) 100vw, 300px\" \/><\/a>Har bokat en sotare som kommer i morgon. Var n\u00e4stan lite av misstag. De hade en web-sida (stort!) d\u00e4r man kunde boka direkt (riktigt stort!). Jag trodde det skulle bli ytterligare ett steg i bokningsproceduren innan allt var klart, f\u00f6r jag hade inte riktigt best\u00e4mt mig. Men pl\u00f6tsligt stod det att allt var klart och sotaren kommer 17:00 i morgon. (Hur m\u00e5nga svenska sotare b\u00f6rjar ett nytt uppdrag 17:00?). Ska fr\u00e5ga sotaren om skyddspl\u00e5t bakom kaminen ocks\u00e5.<\/p>\n<p>P\u00e5 &#8221;Tandl\u00e4karens hus&#8221; fixades ju fasaden senast jag var h\u00e4r och nu \u00e4r det klart. V\u00e4ldigt tjusigt.<\/p>\n<p><a href=\"https:\/\/www.montendre.se\/wp-content\/uploads\/2024\/08\/IMG_3994.jpeg\"><img loading=\"lazy\" decoding=\"async\" class=\"size-medium wp-image-6265 aligncenter\" src=\"https:\/\/www.montendre.se\/wp-content\/uploads\/2024\/08\/IMG_3994-300x225.jpeg\" alt=\"\" width=\"300\" height=\"225\" srcset=\"https:\/\/www.montendre.se\/wp-content\/uploads\/2024\/08\/IMG_3994-300x225.jpeg 300w, https:\/\/www.montendre.se\/wp-content\/uploads\/2024\/08\/IMG_3994-1024x768.jpeg 1024w, https:\/\/www.montendre.se\/wp-content\/uploads\/2024\/08\/IMG_3994-768x576.jpeg 768w, https:\/\/www.montendre.se\/wp-content\/uploads\/2024\/08\/IMG_3994-268x200.jpeg 268w, https:\/\/www.montendre.se\/wp-content\/uploads\/2024\/08\/IMG_3994-700x525.jpeg 700w, https:\/\/www.montendre.se\/wp-content\/uploads\/2024\/08\/IMG_3994.jpeg 1280w\" sizes=\"(max-width: 300px) 100vw, 300px\" \/><\/a><\/p>\n<p>Gick till nattmarknaden och k\u00e4kade lite d\u00e4r. R\u00e4tt tr\u00e5kigt v\u00e4der med regnet h\u00e4ngande i luften och jag gick hem n\u00e4r det b\u00f6rjade duggregna.<\/p>\n<p>Fortsatte med The Responder.<\/p>\n","protected":false},"excerpt":{"rendered":"<p>Soldis hela dagen, 26 grader. Fixat med Klippo och bytt ut \u00e4nnu mer kabel f\u00f6r att f\u00e5 ig\u00e5ng den igen. Jag vattnar gr\u00e4set s\u00e5 gott det g\u00e5r. Var helt olidligt att g\u00e5 p\u00e5 barfota innan. H\u00e4ngde upp n\u00e4tet i d\u00f6rren. Var v\u00e4l inte riktigt gjort f\u00f6r den h\u00e4r d\u00f6rren. Lite &#8230;<\/p>\n","protected":false},"author":1,"featured_media":0,"comment_status":"open","ping_status":"open","sticky":false,"template":"","format":"standard","meta":{"jetpack_post_was_ever_published":false,"_jetpack_newsletter_access":"","_jetpack_dont_email_post_to_subs":false,"_jetpack_newsletter_tier_id":0,"footnotes":""},"categories":[92],"tags":[],"jetpack_sharing_enabled":true,"jetpack_featured_media_url":"","_links":{"self":[{"href":"https:\/\/www.montendre.se\/index.php?rest_route=\/wp\/v2\/posts\/6255"}],"collection":[{"href":"https:\/\/www.montendre.se\/index.php?rest_route=\/wp\/v2\/posts"}],"about":[{"href":"https:\/\/www.montendre.se\/index.php?rest_route=\/wp\/v2\/types\/post"}],"author":[{"embeddable":true,"href":"https:\/\/www.montendre.se\/index.php?rest_route=\/wp\/v2\/users\/1"}],"replies":[{"embeddable":true,"href":"https:\/\/www.montendre.se\/index.php?rest_route=%2Fwp%2Fv2%2Fcomments&post=6255"}],"version-history":[{"count":10,"href":"https:\/\/www.montendre.se\/index.php?rest_route=\/wp\/v2\/posts\/6255\/revisions"}],"predecessor-version":[{"id":6268,"href":"https:\/\/www.montendre.se\/index.php?rest_route=\/wp\/v2\/posts\/6255\/revisions\/6268"}],"wp:attachment":[{"href":"https:\/\/www.montendre.se\/index.php?rest_route=%2Fwp%2Fv2%2Fmedia&parent=6255"}],"wp:term":[{"taxonomy":"category","embeddable":true,"href":"https:\/\/www.montendre.se\/index.php?rest_route=%2Fwp%2Fv2%2Fcategories&post=6255"},{"taxonomy":"post_tag","embeddable":true,"href":"https:\/\/www.montendre.se\/index.php?rest_route=%2Fwp%2Fv2%2Ftags&post=6255"}],"curies":[{"name":"wp","href":"https:\/\/api.w.org\/{rel}","templated":true}]}}