{"id":6143,"date":"2024-06-27T21:01:46","date_gmt":"2024-06-27T19:01:46","guid":{"rendered":"https:\/\/www.montendre.se\/?p=6143"},"modified":"2024-06-27T21:39:36","modified_gmt":"2024-06-27T19:39:36","slug":"27-juni-2024","status":"publish","type":"post","link":"https:\/\/www.montendre.se\/?p=6143","title":{"rendered":"27 juni 2024"},"content":{"rendered":"<p>Lite moln till och fr\u00e5n idag. S\u00e5 bitvis lite mindre stekande, men \u00e4nd\u00e5 32 grader p\u00e5 eftermiddagen.<\/p>\n<p>Spindelmamman har slagit sig ner i hallonplantan med sina cirka 100 sm\u00e5 spindelbarn.<\/p>\n<p><a href=\"https:\/\/www.montendre.se\/wp-content\/uploads\/2024\/06\/IMG_3306.jpeg\"><img loading=\"lazy\" decoding=\"async\" class=\"size-medium wp-image-6144 aligncenter\" src=\"https:\/\/www.montendre.se\/wp-content\/uploads\/2024\/06\/IMG_3306-300x225.jpeg\" alt=\"\" width=\"300\" height=\"225\" srcset=\"https:\/\/www.montendre.se\/wp-content\/uploads\/2024\/06\/IMG_3306-300x225.jpeg 300w, https:\/\/www.montendre.se\/wp-content\/uploads\/2024\/06\/IMG_3306-1024x768.jpeg 1024w, https:\/\/www.montendre.se\/wp-content\/uploads\/2024\/06\/IMG_3306-768x576.jpeg 768w, https:\/\/www.montendre.se\/wp-content\/uploads\/2024\/06\/IMG_3306-268x200.jpeg 268w, https:\/\/www.montendre.se\/wp-content\/uploads\/2024\/06\/IMG_3306-700x525.jpeg 700w, https:\/\/www.montendre.se\/wp-content\/uploads\/2024\/06\/IMG_3306.jpeg 1280w\" sizes=\"(max-width: 300px) 100vw, 300px\" \/><\/a>Rosorna p\u00e5 framsidan pryder gatan&#8230;<\/p>\n<p><a href=\"https:\/\/www.montendre.se\/wp-content\/uploads\/2024\/06\/IMG_3307.jpeg\"><img loading=\"lazy\" decoding=\"async\" class=\"size-medium wp-image-6145 aligncenter\" src=\"https:\/\/www.montendre.se\/wp-content\/uploads\/2024\/06\/IMG_3307-300x225.jpeg\" alt=\"\" width=\"300\" height=\"225\" srcset=\"https:\/\/www.montendre.se\/wp-content\/uploads\/2024\/06\/IMG_3307-300x225.jpeg 300w, https:\/\/www.montendre.se\/wp-content\/uploads\/2024\/06\/IMG_3307-1024x768.jpeg 1024w, https:\/\/www.montendre.se\/wp-content\/uploads\/2024\/06\/IMG_3307-768x576.jpeg 768w, https:\/\/www.montendre.se\/wp-content\/uploads\/2024\/06\/IMG_3307-268x200.jpeg 268w, https:\/\/www.montendre.se\/wp-content\/uploads\/2024\/06\/IMG_3307-700x525.jpeg 700w, https:\/\/www.montendre.se\/wp-content\/uploads\/2024\/06\/IMG_3307.jpeg 1280w\" sizes=\"(max-width: 300px) 100vw, 300px\" \/><\/a>Fortsatte med k\u00f6ksd\u00f6rren. Tar bort klumpen.<\/p>\n<p><a href=\"https:\/\/www.montendre.se\/wp-content\/uploads\/2024\/06\/IMG_3308.jpeg\"><img loading=\"lazy\" decoding=\"async\" class=\"size-medium wp-image-6147 aligncenter\" src=\"https:\/\/www.montendre.se\/wp-content\/uploads\/2024\/06\/IMG_3308-225x300.jpeg\" alt=\"\" width=\"225\" height=\"300\" srcset=\"https:\/\/www.montendre.se\/wp-content\/uploads\/2024\/06\/IMG_3308-225x300.jpeg 225w, https:\/\/www.montendre.se\/wp-content\/uploads\/2024\/06\/IMG_3308-768x1024.jpeg 768w, https:\/\/www.montendre.se\/wp-content\/uploads\/2024\/06\/IMG_3308-700x933.jpeg 700w, https:\/\/www.montendre.se\/wp-content\/uploads\/2024\/06\/IMG_3308.jpeg 960w\" sizes=\"(max-width: 225px) 100vw, 225px\" \/><\/a><a href=\"https:\/\/www.montendre.se\/wp-content\/uploads\/2024\/06\/IMG_3309.jpeg\"><img loading=\"lazy\" decoding=\"async\" class=\"size-medium wp-image-6148 aligncenter\" src=\"https:\/\/www.montendre.se\/wp-content\/uploads\/2024\/06\/IMG_3309-300x225.jpeg\" alt=\"\" width=\"300\" height=\"225\" srcset=\"https:\/\/www.montendre.se\/wp-content\/uploads\/2024\/06\/IMG_3309-300x225.jpeg 300w, https:\/\/www.montendre.se\/wp-content\/uploads\/2024\/06\/IMG_3309-1024x768.jpeg 1024w, https:\/\/www.montendre.se\/wp-content\/uploads\/2024\/06\/IMG_3309-768x576.jpeg 768w, https:\/\/www.montendre.se\/wp-content\/uploads\/2024\/06\/IMG_3309-268x200.jpeg 268w, https:\/\/www.montendre.se\/wp-content\/uploads\/2024\/06\/IMG_3309-700x525.jpeg 700w, https:\/\/www.montendre.se\/wp-content\/uploads\/2024\/06\/IMG_3309.jpeg 1280w\" sizes=\"(max-width: 300px) 100vw, 300px\" \/><\/a><\/p>\n<p>Skrapar bort lite gammal f\u00e4rg och m\u00e5lar p\u00e5 ett nytt lager. Blir en bl\u00e5are ton \u00e4n innan.\u00a0<a href=\"https:\/\/www.montendre.se\/wp-content\/uploads\/2024\/06\/IMG_3317.jpeg\"><img loading=\"lazy\" decoding=\"async\" class=\"size-medium wp-image-6153 aligncenter\" src=\"https:\/\/www.montendre.se\/wp-content\/uploads\/2024\/06\/IMG_3317-225x300.jpeg\" alt=\"\" width=\"225\" height=\"300\" srcset=\"https:\/\/www.montendre.se\/wp-content\/uploads\/2024\/06\/IMG_3317-225x300.jpeg 225w, https:\/\/www.montendre.se\/wp-content\/uploads\/2024\/06\/IMG_3317-768x1024.jpeg 768w, https:\/\/www.montendre.se\/wp-content\/uploads\/2024\/06\/IMG_3317-700x933.jpeg 700w, https:\/\/www.montendre.se\/wp-content\/uploads\/2024\/06\/IMG_3317.jpeg 960w\" sizes=\"(max-width: 225px) 100vw, 225px\" \/><\/a><\/p>\n<p>H\u00f6gra d\u00f6rren \u00e4r in till matrummet. Har ju alltid tyckt att hallen \u00e4r lite m\u00f6rk s\u00e5 jag provar att m\u00e5lar d\u00f6rren i ljusgr\u00e5tt. Ett par lager till s\u00e5&#8230;<\/p>\n<p>H\u00e5ller \u00e4ven p\u00e5 en del med matrummet. M\u00e5lar lite lister och spacklar och slipar f\u00f6r att kunna komma vidare med tapetsering. Ska bli lite svalare och kanske lite regn i helgen s\u00e5 d\u00e5 kanske det blir mer arbete i matrummet.<\/p>\n<p>Mat hemma, vinkokta musslor med lite klyftpotatis i ugn.<\/p>\n<p>R\u00e5djuret var p\u00e5 plats f\u00f6r tredje kv\u00e4llen i rad.<\/p>\n<p><a href=\"https:\/\/www.montendre.se\/wp-content\/uploads\/2024\/06\/IMG_3330.jpeg\"><img loading=\"lazy\" decoding=\"async\" class=\"size-medium wp-image-6160 aligncenter\" src=\"https:\/\/www.montendre.se\/wp-content\/uploads\/2024\/06\/IMG_3330-300x225.jpeg\" alt=\"\" width=\"300\" height=\"225\" srcset=\"https:\/\/www.montendre.se\/wp-content\/uploads\/2024\/06\/IMG_3330-300x225.jpeg 300w, https:\/\/www.montendre.se\/wp-content\/uploads\/2024\/06\/IMG_3330-1024x768.jpeg 1024w, https:\/\/www.montendre.se\/wp-content\/uploads\/2024\/06\/IMG_3330-768x576.jpeg 768w, https:\/\/www.montendre.se\/wp-content\/uploads\/2024\/06\/IMG_3330-268x200.jpeg 268w, https:\/\/www.montendre.se\/wp-content\/uploads\/2024\/06\/IMG_3330-700x525.jpeg 700w, https:\/\/www.montendre.se\/wp-content\/uploads\/2024\/06\/IMG_3330.jpeg 1280w\" sizes=\"(max-width: 300px) 100vw, 300px\" \/><\/a><\/p>\n","protected":false},"excerpt":{"rendered":"<p>Lite moln till och fr\u00e5n idag. S\u00e5 bitvis lite mindre stekande, men \u00e4nd\u00e5 32 grader p\u00e5 eftermiddagen. Spindelmamman har slagit sig ner i hallonplantan med sina cirka 100 sm\u00e5 spindelbarn. Rosorna p\u00e5 framsidan pryder gatan&#8230; Fortsatte med k\u00f6ksd\u00f6rren. Tar bort klumpen. Skrapar bort lite gammal f\u00e4rg och m\u00e5lar p\u00e5 ett &#8230;<\/p>\n","protected":false},"author":1,"featured_media":0,"comment_status":"open","ping_status":"open","sticky":false,"template":"","format":"standard","meta":{"jetpack_post_was_ever_published":false,"_jetpack_newsletter_access":"","_jetpack_dont_email_post_to_subs":false,"_jetpack_newsletter_tier_id":0,"footnotes":""},"categories":[91],"tags":[],"jetpack_sharing_enabled":true,"jetpack_featured_media_url":"","_links":{"self":[{"href":"https:\/\/www.montendre.se\/index.php?rest_route=\/wp\/v2\/posts\/6143"}],"collection":[{"href":"https:\/\/www.montendre.se\/index.php?rest_route=\/wp\/v2\/posts"}],"about":[{"href":"https:\/\/www.montendre.se\/index.php?rest_route=\/wp\/v2\/types\/post"}],"author":[{"embeddable":true,"href":"https:\/\/www.montendre.se\/index.php?rest_route=\/wp\/v2\/users\/1"}],"replies":[{"embeddable":true,"href":"https:\/\/www.montendre.se\/index.php?rest_route=%2Fwp%2Fv2%2Fcomments&post=6143"}],"version-history":[{"count":10,"href":"https:\/\/www.montendre.se\/index.php?rest_route=\/wp\/v2\/posts\/6143\/revisions"}],"predecessor-version":[{"id":6161,"href":"https:\/\/www.montendre.se\/index.php?rest_route=\/wp\/v2\/posts\/6143\/revisions\/6161"}],"wp:attachment":[{"href":"https:\/\/www.montendre.se\/index.php?rest_route=%2Fwp%2Fv2%2Fmedia&parent=6143"}],"wp:term":[{"taxonomy":"category","embeddable":true,"href":"https:\/\/www.montendre.se\/index.php?rest_route=%2Fwp%2Fv2%2Fcategories&post=6143"},{"taxonomy":"post_tag","embeddable":true,"href":"https:\/\/www.montendre.se\/index.php?rest_route=%2Fwp%2Fv2%2Ftags&post=6143"}],"curies":[{"name":"wp","href":"https:\/\/api.w.org\/{rel}","templated":true}]}}