{"id":6116,"date":"2024-06-25T21:54:12","date_gmt":"2024-06-25T19:54:12","guid":{"rendered":"https:\/\/www.montendre.se\/?p=6116"},"modified":"2024-06-25T21:54:12","modified_gmt":"2024-06-25T19:54:12","slug":"25-juni-2024","status":"publish","type":"post","link":"https:\/\/www.montendre.se\/?p=6116","title":{"rendered":"25 juni 2024"},"content":{"rendered":"<p>Mestadels soligt, 32 grader p\u00e5 eftermiddagen.<\/p>\n<p>Klippte vinet igen. De gr\u00f6na druvorna \u00e4r redan nu lite f\u00f6rtvinade och svarta. Undrar vad det beror p\u00e5? Sprejade dem igen med <i>bouillie bordelaise. Sprejade lite p\u00e5 det persikotr\u00e4d som \u00e4r kvar ocks\u00e5. Kanske blir det <\/i>\u00e4tbara<i> persikor d\u00e5?<\/i><\/p>\n<p>En massa tr\u00e4dg\u00e5rdsfixande: klippte gr\u00e4set n\u00e4rmast huset och ner mot gatan, rensat en del ogr\u00e4s i rabatterna n\u00e4rmast huset, bundit upp n\u00e5gra unga tr\u00e4d.<\/p>\n<p>Hittade den h\u00e4r i en kruka som L m\u00e5ste planterat. Broklewisia enl. Blomsterlandet. Ska testa att s\u00e4tta den i rabatten i st\u00e4llet. Ser fin ut.<\/p>\n<p><a href=\"https:\/\/www.montendre.se\/wp-content\/uploads\/2024\/06\/IMG_3276.jpeg\"><img loading=\"lazy\" decoding=\"async\" class=\"size-medium wp-image-6123 aligncenter\" src=\"https:\/\/www.montendre.se\/wp-content\/uploads\/2024\/06\/IMG_3276-225x300.jpeg\" alt=\"\" width=\"225\" height=\"300\" srcset=\"https:\/\/www.montendre.se\/wp-content\/uploads\/2024\/06\/IMG_3276-225x300.jpeg 225w, https:\/\/www.montendre.se\/wp-content\/uploads\/2024\/06\/IMG_3276-768x1024.jpeg 768w, https:\/\/www.montendre.se\/wp-content\/uploads\/2024\/06\/IMG_3276-700x933.jpeg 700w, https:\/\/www.montendre.se\/wp-content\/uploads\/2024\/06\/IMG_3276.jpeg 960w\" sizes=\"(max-width: 225px) 100vw, 225px\" \/><\/a>Medan jag satt och \u00e5t kom en hjort (?) in i tr\u00e4dg\u00e5rden och h\u00e4lsade p\u00e5. Verkar \u00e4ta p\u00e5 linden. Kom tillbaka lite senare igen.<\/p>\n<p><a href=\"https:\/\/www.montendre.se\/wp-content\/uploads\/2024\/06\/IMG_3281.jpeg\"><img loading=\"lazy\" decoding=\"async\" class=\"size-medium wp-image-6129 aligncenter\" src=\"https:\/\/www.montendre.se\/wp-content\/uploads\/2024\/06\/IMG_3281-300x225.jpeg\" alt=\"\" width=\"300\" height=\"225\" srcset=\"https:\/\/www.montendre.se\/wp-content\/uploads\/2024\/06\/IMG_3281-300x225.jpeg 300w, https:\/\/www.montendre.se\/wp-content\/uploads\/2024\/06\/IMG_3281-1024x768.jpeg 1024w, https:\/\/www.montendre.se\/wp-content\/uploads\/2024\/06\/IMG_3281-768x576.jpeg 768w, https:\/\/www.montendre.se\/wp-content\/uploads\/2024\/06\/IMG_3281-268x200.jpeg 268w, https:\/\/www.montendre.se\/wp-content\/uploads\/2024\/06\/IMG_3281-700x525.jpeg 700w, https:\/\/www.montendre.se\/wp-content\/uploads\/2024\/06\/IMG_3281.jpeg 1280w\" sizes=\"(max-width: 300px) 100vw, 300px\" \/><\/a><\/p>\n<p>St\u00e4ppsalvian \u00e4r fin bredvid Flick\u00f6gat och sm\u00e5 nejlikor i bakgrunden.<\/p>\n<p><a href=\"https:\/\/www.montendre.se\/wp-content\/uploads\/2024\/06\/IMG_3282.jpeg\"><img loading=\"lazy\" decoding=\"async\" class=\"size-medium wp-image-6128 aligncenter\" src=\"https:\/\/www.montendre.se\/wp-content\/uploads\/2024\/06\/IMG_3282-300x225.jpeg\" alt=\"\" width=\"300\" height=\"225\" srcset=\"https:\/\/www.montendre.se\/wp-content\/uploads\/2024\/06\/IMG_3282-300x225.jpeg 300w, https:\/\/www.montendre.se\/wp-content\/uploads\/2024\/06\/IMG_3282-1024x768.jpeg 1024w, https:\/\/www.montendre.se\/wp-content\/uploads\/2024\/06\/IMG_3282-768x576.jpeg 768w, https:\/\/www.montendre.se\/wp-content\/uploads\/2024\/06\/IMG_3282-268x200.jpeg 268w, https:\/\/www.montendre.se\/wp-content\/uploads\/2024\/06\/IMG_3282-700x525.jpeg 700w, https:\/\/www.montendre.se\/wp-content\/uploads\/2024\/06\/IMG_3282.jpeg 1280w\" sizes=\"(max-width: 300px) 100vw, 300px\" \/><\/a>Middag hemma, pasta igen. 27 grader ute kl 22:00.<\/p>\n<p>&nbsp;<\/p>\n","protected":false},"excerpt":{"rendered":"<p>Mestadels soligt, 32 grader p\u00e5 eftermiddagen. Klippte vinet igen. De gr\u00f6na druvorna \u00e4r redan nu lite f\u00f6rtvinade och svarta. Undrar vad det beror p\u00e5? Sprejade dem igen med bouillie bordelaise. Sprejade lite p\u00e5 det persikotr\u00e4d som \u00e4r kvar ocks\u00e5. Kanske blir det \u00e4tbara persikor d\u00e5? En massa tr\u00e4dg\u00e5rdsfixande: klippte gr\u00e4set &#8230;<\/p>\n","protected":false},"author":1,"featured_media":0,"comment_status":"open","ping_status":"open","sticky":false,"template":"","format":"standard","meta":{"jetpack_post_was_ever_published":false,"_jetpack_newsletter_access":"","_jetpack_dont_email_post_to_subs":false,"_jetpack_newsletter_tier_id":0,"footnotes":""},"categories":[91],"tags":[],"jetpack_sharing_enabled":true,"jetpack_featured_media_url":"","_links":{"self":[{"href":"https:\/\/www.montendre.se\/index.php?rest_route=\/wp\/v2\/posts\/6116"}],"collection":[{"href":"https:\/\/www.montendre.se\/index.php?rest_route=\/wp\/v2\/posts"}],"about":[{"href":"https:\/\/www.montendre.se\/index.php?rest_route=\/wp\/v2\/types\/post"}],"author":[{"embeddable":true,"href":"https:\/\/www.montendre.se\/index.php?rest_route=\/wp\/v2\/users\/1"}],"replies":[{"embeddable":true,"href":"https:\/\/www.montendre.se\/index.php?rest_route=%2Fwp%2Fv2%2Fcomments&post=6116"}],"version-history":[{"count":10,"href":"https:\/\/www.montendre.se\/index.php?rest_route=\/wp\/v2\/posts\/6116\/revisions"}],"predecessor-version":[{"id":6130,"href":"https:\/\/www.montendre.se\/index.php?rest_route=\/wp\/v2\/posts\/6116\/revisions\/6130"}],"wp:attachment":[{"href":"https:\/\/www.montendre.se\/index.php?rest_route=%2Fwp%2Fv2%2Fmedia&parent=6116"}],"wp:term":[{"taxonomy":"category","embeddable":true,"href":"https:\/\/www.montendre.se\/index.php?rest_route=%2Fwp%2Fv2%2Fcategories&post=6116"},{"taxonomy":"post_tag","embeddable":true,"href":"https:\/\/www.montendre.se\/index.php?rest_route=%2Fwp%2Fv2%2Ftags&post=6116"}],"curies":[{"name":"wp","href":"https:\/\/api.w.org\/{rel}","templated":true}]}}