{"id":6026,"date":"2024-05-09T20:32:02","date_gmt":"2024-05-09T18:32:02","guid":{"rendered":"https:\/\/www.montendre.se\/?p=6026"},"modified":"2024-05-09T20:32:02","modified_gmt":"2024-05-09T18:32:02","slug":"9-maj-2024","status":"publish","type":"post","link":"https:\/\/www.montendre.se\/?p=6026","title":{"rendered":"9 maj 2024"},"content":{"rendered":"<p>Sol hela dagen, 24 grader.<\/p>\n<p>Bara fixat i tr\u00e4dg\u00e5rden idag. K\u00f6pte n\u00e5gra nya lavendelplantor (de gamla dog av torkan f\u00f6rra sommaren) och en hallonplanta. Hallonplantan ska nu f\u00e5 vara i en kruka som f\u00e5r lite bevattning ocks\u00e5. Och en hemmabyggd fuktm\u00e4tare.<\/p>\n<p><a href=\"https:\/\/www.montendre.se\/wp-content\/uploads\/2024\/05\/IMG_2911.jpeg\"><img loading=\"lazy\" decoding=\"async\" class=\"size-medium wp-image-6029 alignleft\" src=\"https:\/\/www.montendre.se\/wp-content\/uploads\/2024\/05\/IMG_2911-225x300.jpeg\" alt=\"\" width=\"225\" height=\"300\" srcset=\"https:\/\/www.montendre.se\/wp-content\/uploads\/2024\/05\/IMG_2911-225x300.jpeg 225w, https:\/\/www.montendre.se\/wp-content\/uploads\/2024\/05\/IMG_2911-768x1024.jpeg 768w, https:\/\/www.montendre.se\/wp-content\/uploads\/2024\/05\/IMG_2911-700x933.jpeg 700w, https:\/\/www.montendre.se\/wp-content\/uploads\/2024\/05\/IMG_2911.jpeg 960w\" sizes=\"(max-width: 225px) 100vw, 225px\" \/><\/a><a href=\"https:\/\/www.montendre.se\/wp-content\/uploads\/2024\/05\/IMG_2910.jpeg\"><img loading=\"lazy\" decoding=\"async\" class=\"size-medium wp-image-6027 alignright\" src=\"https:\/\/www.montendre.se\/wp-content\/uploads\/2024\/05\/IMG_2910-225x300.jpeg\" alt=\"\" width=\"225\" height=\"300\" srcset=\"https:\/\/www.montendre.se\/wp-content\/uploads\/2024\/05\/IMG_2910-225x300.jpeg 225w, https:\/\/www.montendre.se\/wp-content\/uploads\/2024\/05\/IMG_2910-768x1024.jpeg 768w, https:\/\/www.montendre.se\/wp-content\/uploads\/2024\/05\/IMG_2910-700x933.jpeg 700w, https:\/\/www.montendre.se\/wp-content\/uploads\/2024\/05\/IMG_2910.jpeg 960w\" sizes=\"(max-width: 225px) 100vw, 225px\" \/><\/a><\/p>\n<p>&nbsp;<\/p>\n<p>&nbsp;<\/p>\n<p>&nbsp;<\/p>\n<p>&nbsp;<\/p>\n<p>&nbsp;<\/p>\n<p>&nbsp;<\/p>\n<p>&nbsp;<\/p>\n<p>Rensat mycket ogr\u00e4s i rabatten, vid vinet och i &#8221;djungelg\u00e5ngen&#8221; ner mot pool-grannen. I djungelg\u00e5ngen \u00e4r det ju inte ogr\u00e4s utan mer grenar som v\u00e4xer i farlig \u00f6gonh\u00f6jd och liknande som jag rensar bort.<\/p>\n<p><a href=\"https:\/\/www.montendre.se\/wp-content\/uploads\/2024\/05\/IMG_2905.jpeg\"><img loading=\"lazy\" decoding=\"async\" class=\"size-medium wp-image-6030 aligncenter\" src=\"https:\/\/www.montendre.se\/wp-content\/uploads\/2024\/05\/IMG_2905-300x225.jpeg\" alt=\"\" width=\"300\" height=\"225\" srcset=\"https:\/\/www.montendre.se\/wp-content\/uploads\/2024\/05\/IMG_2905-300x225.jpeg 300w, https:\/\/www.montendre.se\/wp-content\/uploads\/2024\/05\/IMG_2905-1024x768.jpeg 1024w, https:\/\/www.montendre.se\/wp-content\/uploads\/2024\/05\/IMG_2905-768x576.jpeg 768w, https:\/\/www.montendre.se\/wp-content\/uploads\/2024\/05\/IMG_2905-268x200.jpeg 268w, https:\/\/www.montendre.se\/wp-content\/uploads\/2024\/05\/IMG_2905-700x525.jpeg 700w, https:\/\/www.montendre.se\/wp-content\/uploads\/2024\/05\/IMG_2905.jpeg 1280w\" sizes=\"(max-width: 300px) 100vw, 300px\" \/><\/a>Men det \u00e4r fint med lite ogr\u00e4s ibland:<\/p>\n<p><a href=\"https:\/\/www.montendre.se\/wp-content\/uploads\/2024\/05\/IMG_2908.jpeg\"><img loading=\"lazy\" decoding=\"async\" class=\"size-medium wp-image-6031 aligncenter\" src=\"https:\/\/www.montendre.se\/wp-content\/uploads\/2024\/05\/IMG_2908-225x300.jpeg\" alt=\"\" width=\"225\" height=\"300\" srcset=\"https:\/\/www.montendre.se\/wp-content\/uploads\/2024\/05\/IMG_2908-225x300.jpeg 225w, https:\/\/www.montendre.se\/wp-content\/uploads\/2024\/05\/IMG_2908-768x1024.jpeg 768w, https:\/\/www.montendre.se\/wp-content\/uploads\/2024\/05\/IMG_2908-700x933.jpeg 700w, https:\/\/www.montendre.se\/wp-content\/uploads\/2024\/05\/IMG_2908.jpeg 960w\" sizes=\"(max-width: 225px) 100vw, 225px\" \/><\/a>N\u00e4r jag rensade i rabatten s\u00e5g jag n\u00e5got som inte var ogr\u00e4s och det var ju praktbetonikan som kommer fr\u00e5n Gyva och som planterades i september f\u00f6rra \u00e5ret.<\/p>\n<p><a href=\"https:\/\/www.montendre.se\/wp-content\/uploads\/2024\/05\/IMG_2914.jpeg\"><img loading=\"lazy\" decoding=\"async\" class=\"size-medium wp-image-6037 aligncenter\" src=\"https:\/\/www.montendre.se\/wp-content\/uploads\/2024\/05\/IMG_2914-225x300.jpeg\" alt=\"\" width=\"225\" height=\"300\" srcset=\"https:\/\/www.montendre.se\/wp-content\/uploads\/2024\/05\/IMG_2914-225x300.jpeg 225w, https:\/\/www.montendre.se\/wp-content\/uploads\/2024\/05\/IMG_2914-768x1024.jpeg 768w, https:\/\/www.montendre.se\/wp-content\/uploads\/2024\/05\/IMG_2914-700x933.jpeg 700w, https:\/\/www.montendre.se\/wp-content\/uploads\/2024\/05\/IMG_2914.jpeg 960w\" sizes=\"(max-width: 225px) 100vw, 225px\" \/><\/a> S\u00e5gade ner gamla d\u00f6da valn\u00f6tstr\u00e4det s\u00e5 f\u00e5r vi se hur det g\u00e5r med den nya delen. Om det ens \u00e4r valn\u00f6t?<\/p>\n<p><a href=\"https:\/\/www.montendre.se\/wp-content\/uploads\/2024\/05\/IMG_2912.jpeg\"><img loading=\"lazy\" decoding=\"async\" class=\"size-medium wp-image-6038 aligncenter\" src=\"https:\/\/www.montendre.se\/wp-content\/uploads\/2024\/05\/IMG_2912-225x300.jpeg\" alt=\"\" width=\"225\" height=\"300\" srcset=\"https:\/\/www.montendre.se\/wp-content\/uploads\/2024\/05\/IMG_2912-225x300.jpeg 225w, https:\/\/www.montendre.se\/wp-content\/uploads\/2024\/05\/IMG_2912-768x1024.jpeg 768w, https:\/\/www.montendre.se\/wp-content\/uploads\/2024\/05\/IMG_2912-700x933.jpeg 700w, https:\/\/www.montendre.se\/wp-content\/uploads\/2024\/05\/IMG_2912.jpeg 960w\" sizes=\"(max-width: 225px) 100vw, 225px\" \/><\/a><\/p>\n<p>Middag hemma.<\/p>\n<p>&nbsp;<\/p>\n","protected":false},"excerpt":{"rendered":"<p>Sol hela dagen, 24 grader. Bara fixat i tr\u00e4dg\u00e5rden idag. K\u00f6pte n\u00e5gra nya lavendelplantor (de gamla dog av torkan f\u00f6rra sommaren) och en hallonplanta. Hallonplantan ska nu f\u00e5 vara i en kruka som f\u00e5r lite bevattning ocks\u00e5. Och en hemmabyggd fuktm\u00e4tare. &nbsp; &nbsp; &nbsp; &nbsp; &nbsp; &nbsp; &nbsp; Rensat mycket &#8230;<\/p>\n","protected":false},"author":1,"featured_media":0,"comment_status":"open","ping_status":"open","sticky":false,"template":"","format":"standard","meta":{"jetpack_post_was_ever_published":false,"_jetpack_newsletter_access":"","_jetpack_dont_email_post_to_subs":false,"_jetpack_newsletter_tier_id":0,"footnotes":""},"categories":[90],"tags":[],"jetpack_sharing_enabled":true,"jetpack_featured_media_url":"","_links":{"self":[{"href":"https:\/\/www.montendre.se\/index.php?rest_route=\/wp\/v2\/posts\/6026"}],"collection":[{"href":"https:\/\/www.montendre.se\/index.php?rest_route=\/wp\/v2\/posts"}],"about":[{"href":"https:\/\/www.montendre.se\/index.php?rest_route=\/wp\/v2\/types\/post"}],"author":[{"embeddable":true,"href":"https:\/\/www.montendre.se\/index.php?rest_route=\/wp\/v2\/users\/1"}],"replies":[{"embeddable":true,"href":"https:\/\/www.montendre.se\/index.php?rest_route=%2Fwp%2Fv2%2Fcomments&post=6026"}],"version-history":[{"count":5,"href":"https:\/\/www.montendre.se\/index.php?rest_route=\/wp\/v2\/posts\/6026\/revisions"}],"predecessor-version":[{"id":6039,"href":"https:\/\/www.montendre.se\/index.php?rest_route=\/wp\/v2\/posts\/6026\/revisions\/6039"}],"wp:attachment":[{"href":"https:\/\/www.montendre.se\/index.php?rest_route=%2Fwp%2Fv2%2Fmedia&parent=6026"}],"wp:term":[{"taxonomy":"category","embeddable":true,"href":"https:\/\/www.montendre.se\/index.php?rest_route=%2Fwp%2Fv2%2Fcategories&post=6026"},{"taxonomy":"post_tag","embeddable":true,"href":"https:\/\/www.montendre.se\/index.php?rest_route=%2Fwp%2Fv2%2Ftags&post=6026"}],"curies":[{"name":"wp","href":"https:\/\/api.w.org\/{rel}","templated":true}]}}