{"id":6009,"date":"2024-05-08T21:16:27","date_gmt":"2024-05-08T19:16:27","guid":{"rendered":"https:\/\/www.montendre.se\/?p=6009"},"modified":"2024-05-09T17:52:02","modified_gmt":"2024-05-09T15:52:02","slug":"8-maj-2024","status":"publish","type":"post","link":"https:\/\/www.montendre.se\/?p=6009","title":{"rendered":"8 maj 2024"},"content":{"rendered":"<p>Soligt n\u00e4stan hela dagen, 22 grader p\u00e5 eftermiddagen.<\/p>\n<p>Fixat med Klippo n\u00e4stan hela dagen. Klippo stannade ju runt en vecka efter att jag kom hem sist s\u00e5 det har inte blivit mycket klippt. \u00c5terigen \u00e4r det begr\u00e4nsningskabeln som strulat. Nu var det en annan del som blivit skadad.<\/p>\n<p>Redan ig\u00e5r s\u00e5g jag att pool-grannen hade gr\u00e4vt upp n\u00e5gra av de buskar som de satt upp mellan v\u00e5ra tomter.<\/p>\n<p><a href=\"https:\/\/www.montendre.se\/wp-content\/uploads\/2024\/05\/IMG_2896.jpeg\"><img loading=\"lazy\" decoding=\"async\" class=\"size-medium wp-image-6010 aligncenter\" src=\"https:\/\/www.montendre.se\/wp-content\/uploads\/2024\/05\/IMG_2896-300x225.jpeg\" alt=\"\" width=\"300\" height=\"225\" srcset=\"https:\/\/www.montendre.se\/wp-content\/uploads\/2024\/05\/IMG_2896-300x225.jpeg 300w, https:\/\/www.montendre.se\/wp-content\/uploads\/2024\/05\/IMG_2896-1024x768.jpeg 1024w, https:\/\/www.montendre.se\/wp-content\/uploads\/2024\/05\/IMG_2896-768x576.jpeg 768w, https:\/\/www.montendre.se\/wp-content\/uploads\/2024\/05\/IMG_2896-268x200.jpeg 268w, https:\/\/www.montendre.se\/wp-content\/uploads\/2024\/05\/IMG_2896-700x525.jpeg 700w, https:\/\/www.montendre.se\/wp-content\/uploads\/2024\/05\/IMG_2896.jpeg 1280w\" sizes=\"(max-width: 300px) 100vw, 300px\" \/><\/a>S\u00e5 jag misst\u00e4nkte att kabeln var trasig d\u00e4r. Kabeln var uppgr\u00e4vd men s\u00e5g inte trasig ut men jag bytte ut den och flyttade in den s\u00e5 att grannen kan gr\u00e4va vidare utan att f\u00f6rst\u00f6ra f\u00f6r Klippo. Men sedan var det en annan, gammal del av kabeln som var trasig som jag fick byta ut. Tar dock alltid v\u00e4ldigt l\u00e5ng tid att hitta var felet ligger&#8230;<\/p>\n<p>Annars \u00e4r det som sagt r\u00e4tt vildvuxet i tr\u00e4dg\u00e5rden. Och mycket som \u00e4r d\u00f6tt tycker jag. Trist. Vet inte om det \u00e4r de torra somrarna eller n\u00e5got annat. Valn\u00f6tstr\u00e4det \u00e4r ju definitivt d\u00f6tt men jag ska v\u00e4l f\u00f6rs\u00f6ka f\u00e5 sidoskottet att v\u00e4xa upp (syns l\u00e4ngst ner till h\u00f6ger om stammen).<\/p>\n<p><a href=\"https:\/\/www.montendre.se\/wp-content\/uploads\/2024\/05\/IMG_2885.jpeg\"><img loading=\"lazy\" decoding=\"async\" class=\"size-medium wp-image-6011 aligncenter\" src=\"https:\/\/www.montendre.se\/wp-content\/uploads\/2024\/05\/IMG_2885-225x300.jpeg\" alt=\"\" width=\"225\" height=\"300\" srcset=\"https:\/\/www.montendre.se\/wp-content\/uploads\/2024\/05\/IMG_2885-225x300.jpeg 225w, https:\/\/www.montendre.se\/wp-content\/uploads\/2024\/05\/IMG_2885-768x1024.jpeg 768w, https:\/\/www.montendre.se\/wp-content\/uploads\/2024\/05\/IMG_2885-700x933.jpeg 700w, https:\/\/www.montendre.se\/wp-content\/uploads\/2024\/05\/IMG_2885.jpeg 960w\" sizes=\"(max-width: 225px) 100vw, 225px\" \/><\/a>K\u00f6rsb\u00e4rstr\u00e4det som ju alltid klarat sig och som vi satte f\u00f6r j\u00e4ttel\u00e4nge sedan har ju ocks\u00e5 d\u00f6tt.<\/p>\n<p><a href=\"https:\/\/www.montendre.se\/wp-content\/uploads\/2024\/05\/IMG_2886.jpeg\"><img loading=\"lazy\" decoding=\"async\" class=\"size-medium wp-image-6012 aligncenter\" src=\"https:\/\/www.montendre.se\/wp-content\/uploads\/2024\/05\/IMG_2886-225x300.jpeg\" alt=\"\" width=\"225\" height=\"300\" srcset=\"https:\/\/www.montendre.se\/wp-content\/uploads\/2024\/05\/IMG_2886-225x300.jpeg 225w, https:\/\/www.montendre.se\/wp-content\/uploads\/2024\/05\/IMG_2886-768x1024.jpeg 768w, https:\/\/www.montendre.se\/wp-content\/uploads\/2024\/05\/IMG_2886-700x933.jpeg 700w, https:\/\/www.montendre.se\/wp-content\/uploads\/2024\/05\/IMG_2886.jpeg 960w\" sizes=\"(max-width: 225px) 100vw, 225px\" \/><\/a>Flormyrten tr\u00e4det lever men har tappat all &#8221;bark&#8221;.<\/p>\n<p><a href=\"https:\/\/www.montendre.se\/wp-content\/uploads\/2024\/05\/IMG_2873.jpeg\"><img loading=\"lazy\" decoding=\"async\" class=\"size-medium wp-image-6013 aligncenter\" src=\"https:\/\/www.montendre.se\/wp-content\/uploads\/2024\/05\/IMG_2873-225x300.jpeg\" alt=\"\" width=\"225\" height=\"300\" srcset=\"https:\/\/www.montendre.se\/wp-content\/uploads\/2024\/05\/IMG_2873-225x300.jpeg 225w, https:\/\/www.montendre.se\/wp-content\/uploads\/2024\/05\/IMG_2873-768x1024.jpeg 768w, https:\/\/www.montendre.se\/wp-content\/uploads\/2024\/05\/IMG_2873-700x933.jpeg 700w, https:\/\/www.montendre.se\/wp-content\/uploads\/2024\/05\/IMG_2873.jpeg 960w\" sizes=\"(max-width: 225px) 100vw, 225px\" \/><\/a>Magnolia 2 som vi planterade i april f\u00f6rra \u00e5ret lever i alla fall och har n\u00e5gra knoppar.<\/p>\n<p><a href=\"https:\/\/www.montendre.se\/wp-content\/uploads\/2024\/05\/IMG_2887.jpeg\"><img loading=\"lazy\" decoding=\"async\" class=\"size-medium wp-image-6014 aligncenter\" src=\"https:\/\/www.montendre.se\/wp-content\/uploads\/2024\/05\/IMG_2887-225x300.jpeg\" alt=\"\" width=\"225\" height=\"300\" srcset=\"https:\/\/www.montendre.se\/wp-content\/uploads\/2024\/05\/IMG_2887-225x300.jpeg 225w, https:\/\/www.montendre.se\/wp-content\/uploads\/2024\/05\/IMG_2887-768x1024.jpeg 768w, https:\/\/www.montendre.se\/wp-content\/uploads\/2024\/05\/IMG_2887-700x933.jpeg 700w, https:\/\/www.montendre.se\/wp-content\/uploads\/2024\/05\/IMG_2887.jpeg 960w\" sizes=\"(max-width: 225px) 100vw, 225px\" \/><\/a>Och alpaklejan i l\u00e5dan blommar bra och har spridit sig lite utanf\u00f6r l\u00e5dan nu ocks\u00e5.<\/p>\n<p><a href=\"https:\/\/www.montendre.se\/wp-content\/uploads\/2024\/05\/IMG_2879.jpeg\"><img loading=\"lazy\" decoding=\"async\" class=\"size-medium wp-image-6015 aligncenter\" src=\"https:\/\/www.montendre.se\/wp-content\/uploads\/2024\/05\/IMG_2879-300x225.jpeg\" alt=\"\" width=\"300\" height=\"225\" srcset=\"https:\/\/www.montendre.se\/wp-content\/uploads\/2024\/05\/IMG_2879-300x225.jpeg 300w, https:\/\/www.montendre.se\/wp-content\/uploads\/2024\/05\/IMG_2879-1024x768.jpeg 1024w, https:\/\/www.montendre.se\/wp-content\/uploads\/2024\/05\/IMG_2879-768x576.jpeg 768w, https:\/\/www.montendre.se\/wp-content\/uploads\/2024\/05\/IMG_2879-268x200.jpeg 268w, https:\/\/www.montendre.se\/wp-content\/uploads\/2024\/05\/IMG_2879-700x525.jpeg 700w, https:\/\/www.montendre.se\/wp-content\/uploads\/2024\/05\/IMG_2879.jpeg 1280w\" sizes=\"(max-width: 300px) 100vw, 300px\" \/><\/a>Och s\u00f6mntutan som mer \u00e4r att betrakta som ogr\u00e4s \u00e4r ju alltid fin.<\/p>\n<p><a href=\"https:\/\/www.montendre.se\/wp-content\/uploads\/2024\/05\/IMG_2880.jpeg\"><img loading=\"lazy\" decoding=\"async\" class=\"size-medium wp-image-6016 aligncenter\" src=\"https:\/\/www.montendre.se\/wp-content\/uploads\/2024\/05\/IMG_2880-300x225.jpeg\" alt=\"\" width=\"300\" height=\"225\" srcset=\"https:\/\/www.montendre.se\/wp-content\/uploads\/2024\/05\/IMG_2880-300x225.jpeg 300w, https:\/\/www.montendre.se\/wp-content\/uploads\/2024\/05\/IMG_2880-1024x768.jpeg 1024w, https:\/\/www.montendre.se\/wp-content\/uploads\/2024\/05\/IMG_2880-768x576.jpeg 768w, https:\/\/www.montendre.se\/wp-content\/uploads\/2024\/05\/IMG_2880-268x200.jpeg 268w, https:\/\/www.montendre.se\/wp-content\/uploads\/2024\/05\/IMG_2880-700x525.jpeg 700w, https:\/\/www.montendre.se\/wp-content\/uploads\/2024\/05\/IMG_2880.jpeg 1280w\" sizes=\"(max-width: 300px) 100vw, 300px\" \/><\/a>Och m\u00e5nga tuvor med lyckokl\u00f6ver (enl. Plantnet).<\/p>\n<p><a href=\"https:\/\/www.montendre.se\/wp-content\/uploads\/2024\/05\/IMG_2883.jpeg\"><img loading=\"lazy\" decoding=\"async\" class=\"size-medium wp-image-6017 aligncenter\" src=\"https:\/\/www.montendre.se\/wp-content\/uploads\/2024\/05\/IMG_2883-300x225.jpeg\" alt=\"\" width=\"300\" height=\"225\" srcset=\"https:\/\/www.montendre.se\/wp-content\/uploads\/2024\/05\/IMG_2883-300x225.jpeg 300w, https:\/\/www.montendre.se\/wp-content\/uploads\/2024\/05\/IMG_2883-1024x768.jpeg 1024w, https:\/\/www.montendre.se\/wp-content\/uploads\/2024\/05\/IMG_2883-768x576.jpeg 768w, https:\/\/www.montendre.se\/wp-content\/uploads\/2024\/05\/IMG_2883-268x200.jpeg 268w, https:\/\/www.montendre.se\/wp-content\/uploads\/2024\/05\/IMG_2883-700x525.jpeg 700w, https:\/\/www.montendre.se\/wp-content\/uploads\/2024\/05\/IMG_2883.jpeg 1280w\" sizes=\"(max-width: 300px) 100vw, 300px\" \/><\/a>Och en av Lenas blomsterl\u00e5dor klarar sig r\u00e4tt bra. Det tog tid men till slut hittade hon blommor som klarade sig sj\u00e4lva r\u00e4tt bra.<\/p>\n<p><a href=\"https:\/\/www.montendre.se\/wp-content\/uploads\/2024\/05\/IMG_2874.jpeg\"><img loading=\"lazy\" decoding=\"async\" class=\"size-medium wp-image-6018 aligncenter\" src=\"https:\/\/www.montendre.se\/wp-content\/uploads\/2024\/05\/IMG_2874-300x225.jpeg\" alt=\"\" width=\"300\" height=\"225\" srcset=\"https:\/\/www.montendre.se\/wp-content\/uploads\/2024\/05\/IMG_2874-300x225.jpeg 300w, https:\/\/www.montendre.se\/wp-content\/uploads\/2024\/05\/IMG_2874-1024x768.jpeg 1024w, https:\/\/www.montendre.se\/wp-content\/uploads\/2024\/05\/IMG_2874-768x576.jpeg 768w, https:\/\/www.montendre.se\/wp-content\/uploads\/2024\/05\/IMG_2874-268x200.jpeg 268w, https:\/\/www.montendre.se\/wp-content\/uploads\/2024\/05\/IMG_2874-700x525.jpeg 700w, https:\/\/www.montendre.se\/wp-content\/uploads\/2024\/05\/IMG_2874.jpeg 1280w\" sizes=\"(max-width: 300px) 100vw, 300px\" \/><\/a>Jag har b\u00f6rjat rensa en del ogr\u00e4s men det tar tid&#8230; Bara en del borta h\u00e4r.<\/p>\n<p><a href=\"https:\/\/www.montendre.se\/wp-content\/uploads\/2024\/05\/IMG_2892.jpeg\"><img loading=\"lazy\" decoding=\"async\" class=\"size-medium wp-image-6019 aligncenter\" src=\"https:\/\/www.montendre.se\/wp-content\/uploads\/2024\/05\/IMG_2892-300x225.jpeg\" alt=\"\" width=\"300\" height=\"225\" srcset=\"https:\/\/www.montendre.se\/wp-content\/uploads\/2024\/05\/IMG_2892-300x225.jpeg 300w, https:\/\/www.montendre.se\/wp-content\/uploads\/2024\/05\/IMG_2892-1024x768.jpeg 1024w, https:\/\/www.montendre.se\/wp-content\/uploads\/2024\/05\/IMG_2892-768x576.jpeg 768w, https:\/\/www.montendre.se\/wp-content\/uploads\/2024\/05\/IMG_2892-268x200.jpeg 268w, https:\/\/www.montendre.se\/wp-content\/uploads\/2024\/05\/IMG_2892-700x525.jpeg 700w, https:\/\/www.montendre.se\/wp-content\/uploads\/2024\/05\/IMG_2892.jpeg 1280w\" sizes=\"(max-width: 300px) 100vw, 300px\" \/><\/a>Inne bland ogr\u00e4set blommar vall\u00f6rten.<\/p>\n<p><a href=\"https:\/\/www.montendre.se\/wp-content\/uploads\/2024\/05\/IMG_2890.jpeg\"><img loading=\"lazy\" decoding=\"async\" class=\"size-medium wp-image-6020 aligncenter\" src=\"https:\/\/www.montendre.se\/wp-content\/uploads\/2024\/05\/IMG_2890-225x300.jpeg\" alt=\"\" width=\"225\" height=\"300\" srcset=\"https:\/\/www.montendre.se\/wp-content\/uploads\/2024\/05\/IMG_2890-225x300.jpeg 225w, https:\/\/www.montendre.se\/wp-content\/uploads\/2024\/05\/IMG_2890-768x1024.jpeg 768w, https:\/\/www.montendre.se\/wp-content\/uploads\/2024\/05\/IMG_2890-700x933.jpeg 700w, https:\/\/www.montendre.se\/wp-content\/uploads\/2024\/05\/IMG_2890.jpeg 960w\" sizes=\"(max-width: 225px) 100vw, 225px\" \/><\/a>Pizza hemma.<\/p>\n","protected":false},"excerpt":{"rendered":"<p>Soligt n\u00e4stan hela dagen, 22 grader p\u00e5 eftermiddagen. Fixat med Klippo n\u00e4stan hela dagen. Klippo stannade ju runt en vecka efter att jag kom hem sist s\u00e5 det har inte blivit mycket klippt. \u00c5terigen \u00e4r det begr\u00e4nsningskabeln som strulat. Nu var det en annan del som blivit skadad. Redan ig\u00e5r &#8230;<\/p>\n","protected":false},"author":1,"featured_media":0,"comment_status":"open","ping_status":"open","sticky":false,"template":"","format":"standard","meta":{"jetpack_post_was_ever_published":false,"_jetpack_newsletter_access":"","_jetpack_dont_email_post_to_subs":false,"_jetpack_newsletter_tier_id":0,"footnotes":""},"categories":[90],"tags":[],"jetpack_sharing_enabled":true,"jetpack_featured_media_url":"","_links":{"self":[{"href":"https:\/\/www.montendre.se\/index.php?rest_route=\/wp\/v2\/posts\/6009"}],"collection":[{"href":"https:\/\/www.montendre.se\/index.php?rest_route=\/wp\/v2\/posts"}],"about":[{"href":"https:\/\/www.montendre.se\/index.php?rest_route=\/wp\/v2\/types\/post"}],"author":[{"embeddable":true,"href":"https:\/\/www.montendre.se\/index.php?rest_route=\/wp\/v2\/users\/1"}],"replies":[{"embeddable":true,"href":"https:\/\/www.montendre.se\/index.php?rest_route=%2Fwp%2Fv2%2Fcomments&post=6009"}],"version-history":[{"count":4,"href":"https:\/\/www.montendre.se\/index.php?rest_route=\/wp\/v2\/posts\/6009\/revisions"}],"predecessor-version":[{"id":6025,"href":"https:\/\/www.montendre.se\/index.php?rest_route=\/wp\/v2\/posts\/6009\/revisions\/6025"}],"wp:attachment":[{"href":"https:\/\/www.montendre.se\/index.php?rest_route=%2Fwp%2Fv2%2Fmedia&parent=6009"}],"wp:term":[{"taxonomy":"category","embeddable":true,"href":"https:\/\/www.montendre.se\/index.php?rest_route=%2Fwp%2Fv2%2Fcategories&post=6009"},{"taxonomy":"post_tag","embeddable":true,"href":"https:\/\/www.montendre.se\/index.php?rest_route=%2Fwp%2Fv2%2Ftags&post=6009"}],"curies":[{"name":"wp","href":"https:\/\/api.w.org\/{rel}","templated":true}]}}