{"id":5983,"date":"2024-04-01T08:52:13","date_gmt":"2024-04-01T06:52:13","guid":{"rendered":"https:\/\/www.montendre.se\/?p=5983"},"modified":"2024-04-01T08:52:13","modified_gmt":"2024-04-01T06:52:13","slug":"31-mars-2024","status":"publish","type":"post","link":"https:\/\/www.montendre.se\/?p=5983","title":{"rendered":"31 mars 2024"},"content":{"rendered":"<p>R\u00e4tt v\u00e4xlande v\u00e4der. N\u00e4r solen var framme var det riktigt varmt annars r\u00e4tt kyligt. Ibland \u00e4ven kylig vind. N\u00e5gra regnskurar ocks\u00e5. Sexton grader p\u00e5 eftermiddagen.<\/p>\n<p>Gl\u00f6mt skriva om en karta \u00f6ver Montendre som jag fick som present fr\u00e5n Magnus och Anna.<\/p>\n<p><a href=\"https:\/\/www.montendre.se\/wp-content\/uploads\/2024\/03\/IMG_2762.jpeg\"><img loading=\"lazy\" decoding=\"async\" class=\"size-medium wp-image-5984 aligncenter\" src=\"https:\/\/www.montendre.se\/wp-content\/uploads\/2024\/03\/IMG_2762-225x300.jpeg\" alt=\"\" width=\"225\" height=\"300\" srcset=\"https:\/\/www.montendre.se\/wp-content\/uploads\/2024\/03\/IMG_2762-225x300.jpeg 225w, https:\/\/www.montendre.se\/wp-content\/uploads\/2024\/03\/IMG_2762-768x1024.jpeg 768w, https:\/\/www.montendre.se\/wp-content\/uploads\/2024\/03\/IMG_2762-700x933.jpeg 700w, https:\/\/www.montendre.se\/wp-content\/uploads\/2024\/03\/IMG_2762.jpeg 960w\" sizes=\"(max-width: 225px) 100vw, 225px\" \/><\/a>Jag beh\u00f6ver verkligen hitta en ramaff\u00e4r nu f\u00f6r de bilder som beh\u00f6ver sjysst inramning&#8230;<\/p>\n<p>Var hemma hela dagen. Jag fixade i ordning Klippo. Fick byta r\u00e4tt mycket kabel som g\u00e5tt s\u00f6nder. Magnus och Anna handlade och tog en liten biltur i n\u00e4romr\u00e5det. Anna fixade lite i tr\u00e4dg\u00e5rden.<\/p>\n<p>Middag hemma, ostron och sedan auberginepasta.<\/p>\n<p>Spelade Hitster.<\/p>\n","protected":false},"excerpt":{"rendered":"<p>R\u00e4tt v\u00e4xlande v\u00e4der. N\u00e4r solen var framme var det riktigt varmt annars r\u00e4tt kyligt. Ibland \u00e4ven kylig vind. N\u00e5gra regnskurar ocks\u00e5. Sexton grader p\u00e5 eftermiddagen. Gl\u00f6mt skriva om en karta \u00f6ver Montendre som jag fick som present fr\u00e5n Magnus och Anna. Jag beh\u00f6ver verkligen hitta en ramaff\u00e4r nu f\u00f6r de &#8230;<\/p>\n","protected":false},"author":1,"featured_media":0,"comment_status":"open","ping_status":"open","sticky":false,"template":"","format":"standard","meta":{"jetpack_post_was_ever_published":false,"_jetpack_newsletter_access":"","_jetpack_dont_email_post_to_subs":false,"_jetpack_newsletter_tier_id":0,"footnotes":""},"categories":[89],"tags":[],"jetpack_sharing_enabled":true,"jetpack_featured_media_url":"","_links":{"self":[{"href":"https:\/\/www.montendre.se\/index.php?rest_route=\/wp\/v2\/posts\/5983"}],"collection":[{"href":"https:\/\/www.montendre.se\/index.php?rest_route=\/wp\/v2\/posts"}],"about":[{"href":"https:\/\/www.montendre.se\/index.php?rest_route=\/wp\/v2\/types\/post"}],"author":[{"embeddable":true,"href":"https:\/\/www.montendre.se\/index.php?rest_route=\/wp\/v2\/users\/1"}],"replies":[{"embeddable":true,"href":"https:\/\/www.montendre.se\/index.php?rest_route=%2Fwp%2Fv2%2Fcomments&post=5983"}],"version-history":[{"count":1,"href":"https:\/\/www.montendre.se\/index.php?rest_route=\/wp\/v2\/posts\/5983\/revisions"}],"predecessor-version":[{"id":5985,"href":"https:\/\/www.montendre.se\/index.php?rest_route=\/wp\/v2\/posts\/5983\/revisions\/5985"}],"wp:attachment":[{"href":"https:\/\/www.montendre.se\/index.php?rest_route=%2Fwp%2Fv2%2Fmedia&parent=5983"}],"wp:term":[{"taxonomy":"category","embeddable":true,"href":"https:\/\/www.montendre.se\/index.php?rest_route=%2Fwp%2Fv2%2Fcategories&post=5983"},{"taxonomy":"post_tag","embeddable":true,"href":"https:\/\/www.montendre.se\/index.php?rest_route=%2Fwp%2Fv2%2Ftags&post=5983"}],"curies":[{"name":"wp","href":"https:\/\/api.w.org\/{rel}","templated":true}]}}