{"id":5976,"date":"2024-03-30T23:03:00","date_gmt":"2024-03-30T22:03:00","guid":{"rendered":"https:\/\/www.montendre.se\/?p=5976"},"modified":"2024-03-30T23:03:00","modified_gmt":"2024-03-30T22:03:00","slug":"30-mars-2024","status":"publish","type":"post","link":"https:\/\/www.montendre.se\/?p=5976","title":{"rendered":"30 mars 2024"},"content":{"rendered":"<p>Mestadels soligt, 18 grader p\u00e5 em.<\/p>\n<p>\u00c5kte ut till kusten Plage de la Grande C\u00f4te. Anna badade&#8230; Verkade kallt.<\/p>\n<p><a href=\"https:\/\/www.montendre.se\/wp-content\/uploads\/2024\/03\/IMG_2771.jpeg\"><img loading=\"lazy\" decoding=\"async\" class=\"size-medium wp-image-5977 aligncenter\" src=\"https:\/\/www.montendre.se\/wp-content\/uploads\/2024\/03\/IMG_2771-300x225.jpeg\" alt=\"\" width=\"300\" height=\"225\" srcset=\"https:\/\/www.montendre.se\/wp-content\/uploads\/2024\/03\/IMG_2771-300x225.jpeg 300w, https:\/\/www.montendre.se\/wp-content\/uploads\/2024\/03\/IMG_2771-1024x768.jpeg 1024w, https:\/\/www.montendre.se\/wp-content\/uploads\/2024\/03\/IMG_2771-768x576.jpeg 768w, https:\/\/www.montendre.se\/wp-content\/uploads\/2024\/03\/IMG_2771-268x200.jpeg 268w, https:\/\/www.montendre.se\/wp-content\/uploads\/2024\/03\/IMG_2771-700x525.jpeg 700w, https:\/\/www.montendre.se\/wp-content\/uploads\/2024\/03\/IMG_2771.jpeg 1280w\" sizes=\"(max-width: 300px) 100vw, 300px\" \/><\/a><\/p>\n<p><a href=\"https:\/\/www.montendre.se\/wp-content\/uploads\/2024\/03\/IMG_2772.jpeg\"><img loading=\"lazy\" decoding=\"async\" class=\"size-medium wp-image-5978 aligncenter\" src=\"https:\/\/www.montendre.se\/wp-content\/uploads\/2024\/03\/IMG_2772-300x225.jpeg\" alt=\"\" width=\"300\" height=\"225\" srcset=\"https:\/\/www.montendre.se\/wp-content\/uploads\/2024\/03\/IMG_2772-300x225.jpeg 300w, https:\/\/www.montendre.se\/wp-content\/uploads\/2024\/03\/IMG_2772-1024x768.jpeg 1024w, https:\/\/www.montendre.se\/wp-content\/uploads\/2024\/03\/IMG_2772-768x576.jpeg 768w, https:\/\/www.montendre.se\/wp-content\/uploads\/2024\/03\/IMG_2772-268x200.jpeg 268w, https:\/\/www.montendre.se\/wp-content\/uploads\/2024\/03\/IMG_2772-700x525.jpeg 700w, https:\/\/www.montendre.se\/wp-content\/uploads\/2024\/03\/IMG_2772.jpeg 1280w\" sizes=\"(max-width: 300px) 100vw, 300px\" \/><\/a><\/p>\n<p><a href=\"https:\/\/www.montendre.se\/wp-content\/uploads\/2024\/03\/IMG_2777.jpeg\"><img loading=\"lazy\" decoding=\"async\" class=\"size-medium wp-image-5979 aligncenter\" src=\"https:\/\/www.montendre.se\/wp-content\/uploads\/2024\/03\/IMG_2777-300x225.jpeg\" alt=\"\" width=\"300\" height=\"225\" srcset=\"https:\/\/www.montendre.se\/wp-content\/uploads\/2024\/03\/IMG_2777-300x225.jpeg 300w, https:\/\/www.montendre.se\/wp-content\/uploads\/2024\/03\/IMG_2777-1024x768.jpeg 1024w, https:\/\/www.montendre.se\/wp-content\/uploads\/2024\/03\/IMG_2777-768x576.jpeg 768w, https:\/\/www.montendre.se\/wp-content\/uploads\/2024\/03\/IMG_2777-268x200.jpeg 268w, https:\/\/www.montendre.se\/wp-content\/uploads\/2024\/03\/IMG_2777-700x525.jpeg 700w, https:\/\/www.montendre.se\/wp-content\/uploads\/2024\/03\/IMG_2777.jpeg 1280w\" sizes=\"(max-width: 300px) 100vw, 300px\" \/><\/a>Sedan lite fika och s\u00e5 lunch p\u00e5 skaldjurst\u00e4llet <a href=\"https:\/\/www.fruitsdemer-lesvivierscharentais.fr\">Viviers-Charentais<\/a>. R\u00e4tt varmt n\u00e4r man satt i l\u00e4.<\/p>\n<p>Efter det f\u00f6rs\u00f6kte vi bes\u00f6ka <a href=\"https:\/\/chateau-de-beaulon.fr\">Chateau Beaulon<\/a> med de bl\u00e5 k\u00e4llorna, men eftersom det var l\u00f6rdag och inte h\u00f6gs\u00e4song s\u00e5 var det st\u00e4ngt.<\/p>\n<p>Middag hemma, f\u00f6rst vit blaye-sparris med mousselines\u00e5s sedan havsabborre \u00e0 la Proven\u00e7al.<\/p>\n<p>&nbsp;<\/p>\n<p>&nbsp;<\/p>\n","protected":false},"excerpt":{"rendered":"<p>Mestadels soligt, 18 grader p\u00e5 em. \u00c5kte ut till kusten Plage de la Grande C\u00f4te. Anna badade&#8230; Verkade kallt. Sedan lite fika och s\u00e5 lunch p\u00e5 skaldjurst\u00e4llet Viviers-Charentais. R\u00e4tt varmt n\u00e4r man satt i l\u00e4. Efter det f\u00f6rs\u00f6kte vi bes\u00f6ka Chateau Beaulon med de bl\u00e5 k\u00e4llorna, men eftersom det var &#8230;<\/p>\n","protected":false},"author":1,"featured_media":0,"comment_status":"open","ping_status":"open","sticky":false,"template":"","format":"standard","meta":{"jetpack_post_was_ever_published":false,"_jetpack_newsletter_access":"","_jetpack_dont_email_post_to_subs":false,"_jetpack_newsletter_tier_id":0,"footnotes":""},"categories":[89],"tags":[],"jetpack_sharing_enabled":true,"jetpack_featured_media_url":"","_links":{"self":[{"href":"https:\/\/www.montendre.se\/index.php?rest_route=\/wp\/v2\/posts\/5976"}],"collection":[{"href":"https:\/\/www.montendre.se\/index.php?rest_route=\/wp\/v2\/posts"}],"about":[{"href":"https:\/\/www.montendre.se\/index.php?rest_route=\/wp\/v2\/types\/post"}],"author":[{"embeddable":true,"href":"https:\/\/www.montendre.se\/index.php?rest_route=\/wp\/v2\/users\/1"}],"replies":[{"embeddable":true,"href":"https:\/\/www.montendre.se\/index.php?rest_route=%2Fwp%2Fv2%2Fcomments&post=5976"}],"version-history":[{"count":2,"href":"https:\/\/www.montendre.se\/index.php?rest_route=\/wp\/v2\/posts\/5976\/revisions"}],"predecessor-version":[{"id":5981,"href":"https:\/\/www.montendre.se\/index.php?rest_route=\/wp\/v2\/posts\/5976\/revisions\/5981"}],"wp:attachment":[{"href":"https:\/\/www.montendre.se\/index.php?rest_route=%2Fwp%2Fv2%2Fmedia&parent=5976"}],"wp:term":[{"taxonomy":"category","embeddable":true,"href":"https:\/\/www.montendre.se\/index.php?rest_route=%2Fwp%2Fv2%2Fcategories&post=5976"},{"taxonomy":"post_tag","embeddable":true,"href":"https:\/\/www.montendre.se\/index.php?rest_route=%2Fwp%2Fv2%2Ftags&post=5976"}],"curies":[{"name":"wp","href":"https:\/\/api.w.org\/{rel}","templated":true}]}}