{"id":5961,"date":"2024-03-29T10:49:31","date_gmt":"2024-03-29T09:49:31","guid":{"rendered":"https:\/\/www.montendre.se\/?p=5961"},"modified":"2024-03-29T10:49:46","modified_gmt":"2024-03-29T09:49:46","slug":"28-mars-2024","status":"publish","type":"post","link":"https:\/\/www.montendre.se\/?p=5961","title":{"rendered":"28 mars 2024"},"content":{"rendered":"<p>Lite regn p\u00e5 morgonen men sedan sol eller halvmulet, 16 grader som mest. Kall vind men i l\u00e4 var det varmt och sk\u00f6nt.<\/p>\n<p>Gick p\u00e5 marknaden och handlade mat. Sedan ner till Intermarch\u00e9 och kompletterade. Lunch utomhus.<\/p>\n<p>R\u00e4tt mycket blommor i tr\u00e4dg\u00e5rden. N\u00e5got fint ogr\u00e4saktigt.<\/p>\n<p><a href=\"https:\/\/www.montendre.se\/wp-content\/uploads\/2024\/03\/IMG_2754.jpeg\"><img loading=\"lazy\" decoding=\"async\" class=\"size-medium wp-image-5962 aligncenter\" src=\"https:\/\/www.montendre.se\/wp-content\/uploads\/2024\/03\/IMG_2754-300x225.jpeg\" alt=\"\" width=\"300\" height=\"225\" srcset=\"https:\/\/www.montendre.se\/wp-content\/uploads\/2024\/03\/IMG_2754-300x225.jpeg 300w, https:\/\/www.montendre.se\/wp-content\/uploads\/2024\/03\/IMG_2754-1024x768.jpeg 1024w, https:\/\/www.montendre.se\/wp-content\/uploads\/2024\/03\/IMG_2754-768x576.jpeg 768w, https:\/\/www.montendre.se\/wp-content\/uploads\/2024\/03\/IMG_2754-268x200.jpeg 268w, https:\/\/www.montendre.se\/wp-content\/uploads\/2024\/03\/IMG_2754-700x525.jpeg 700w, https:\/\/www.montendre.se\/wp-content\/uploads\/2024\/03\/IMG_2754.jpeg 1280w\" sizes=\"(max-width: 300px) 100vw, 300px\" \/><\/a><\/p>\n<p>Och lite cyklamen, delvis &#8221;vilda&#8221; och delvis planterade.<\/p>\n<p><a href=\"https:\/\/www.montendre.se\/wp-content\/uploads\/2024\/03\/IMG_2755.jpeg\"><img loading=\"lazy\" decoding=\"async\" class=\"size-medium wp-image-5963 aligncenter\" src=\"https:\/\/www.montendre.se\/wp-content\/uploads\/2024\/03\/IMG_2755-300x225.jpeg\" alt=\"\" width=\"300\" height=\"225\" srcset=\"https:\/\/www.montendre.se\/wp-content\/uploads\/2024\/03\/IMG_2755-300x225.jpeg 300w, https:\/\/www.montendre.se\/wp-content\/uploads\/2024\/03\/IMG_2755-1024x768.jpeg 1024w, https:\/\/www.montendre.se\/wp-content\/uploads\/2024\/03\/IMG_2755-768x576.jpeg 768w, https:\/\/www.montendre.se\/wp-content\/uploads\/2024\/03\/IMG_2755-268x200.jpeg 268w, https:\/\/www.montendre.se\/wp-content\/uploads\/2024\/03\/IMG_2755-700x525.jpeg 700w, https:\/\/www.montendre.se\/wp-content\/uploads\/2024\/03\/IMG_2755.jpeg 1280w\" sizes=\"(max-width: 300px) 100vw, 300px\" \/><\/a><\/p>\n<p>Massor med margeriter (?) i gr\u00e4smattan.<\/p>\n<p><a href=\"https:\/\/www.montendre.se\/wp-content\/uploads\/2024\/03\/IMG_2757.jpeg\"><img loading=\"lazy\" decoding=\"async\" class=\"size-medium wp-image-5964 aligncenter\" src=\"https:\/\/www.montendre.se\/wp-content\/uploads\/2024\/03\/IMG_2757-300x225.jpeg\" alt=\"\" width=\"300\" height=\"225\" srcset=\"https:\/\/www.montendre.se\/wp-content\/uploads\/2024\/03\/IMG_2757-300x225.jpeg 300w, https:\/\/www.montendre.se\/wp-content\/uploads\/2024\/03\/IMG_2757-1024x768.jpeg 1024w, https:\/\/www.montendre.se\/wp-content\/uploads\/2024\/03\/IMG_2757-768x576.jpeg 768w, https:\/\/www.montendre.se\/wp-content\/uploads\/2024\/03\/IMG_2757-268x200.jpeg 268w, https:\/\/www.montendre.se\/wp-content\/uploads\/2024\/03\/IMG_2757-700x525.jpeg 700w, https:\/\/www.montendre.se\/wp-content\/uploads\/2024\/03\/IMG_2757.jpeg 1280w\" sizes=\"(max-width: 300px) 100vw, 300px\" \/><\/a><\/p>\n<p>Anemoner som vi planterat.<\/p>\n<p><a href=\"https:\/\/www.montendre.se\/wp-content\/uploads\/2024\/03\/IMG_2758.jpeg\"><img loading=\"lazy\" decoding=\"async\" class=\"size-medium wp-image-5965 aligncenter\" src=\"https:\/\/www.montendre.se\/wp-content\/uploads\/2024\/03\/IMG_2758-300x225.jpeg\" alt=\"\" width=\"300\" height=\"225\" srcset=\"https:\/\/www.montendre.se\/wp-content\/uploads\/2024\/03\/IMG_2758-300x225.jpeg 300w, https:\/\/www.montendre.se\/wp-content\/uploads\/2024\/03\/IMG_2758-1024x768.jpeg 1024w, https:\/\/www.montendre.se\/wp-content\/uploads\/2024\/03\/IMG_2758-768x576.jpeg 768w, https:\/\/www.montendre.se\/wp-content\/uploads\/2024\/03\/IMG_2758-268x200.jpeg 268w, https:\/\/www.montendre.se\/wp-content\/uploads\/2024\/03\/IMG_2758-700x525.jpeg 700w, https:\/\/www.montendre.se\/wp-content\/uploads\/2024\/03\/IMG_2758.jpeg 1280w\" sizes=\"(max-width: 300px) 100vw, 300px\" \/><\/a><\/p>\n<p>Och lite h\u00e4ftiga larver som samlade sig i rabatten.<\/p>\n<p><a href=\"https:\/\/www.montendre.se\/wp-content\/uploads\/2024\/03\/IMG_2760.jpeg\"><img loading=\"lazy\" decoding=\"async\" class=\"size-medium wp-image-5966 aligncenter\" src=\"https:\/\/www.montendre.se\/wp-content\/uploads\/2024\/03\/IMG_2760-225x300.jpeg\" alt=\"\" width=\"225\" height=\"300\" srcset=\"https:\/\/www.montendre.se\/wp-content\/uploads\/2024\/03\/IMG_2760-225x300.jpeg 225w, https:\/\/www.montendre.se\/wp-content\/uploads\/2024\/03\/IMG_2760-768x1024.jpeg 768w, https:\/\/www.montendre.se\/wp-content\/uploads\/2024\/03\/IMG_2760-700x933.jpeg 700w, https:\/\/www.montendre.se\/wp-content\/uploads\/2024\/03\/IMG_2760.jpeg 960w\" sizes=\"(max-width: 225px) 100vw, 225px\" \/><\/a><\/p>\n<p>Jag f\u00f6rs\u00f6kte fixa Klippo som har problem med sin begr\u00e4nsningsslinga igen. Fick inte ordning p\u00e5 det. Hittade ett avbrott men det finns fler tydligen.<\/p>\n<p>Magnus vilade mycket, Anna klippte p\u00e5 rosmarinen och fikontr\u00e4det.<\/p>\n<p>Middag hemma, ostron, kron\u00e4rtskocka, lammkotlett och sedan lite chokladpudding med jordgubbar.<\/p>\n<p>Spelade lite Hitster.<\/p>\n","protected":false},"excerpt":{"rendered":"<p>Lite regn p\u00e5 morgonen men sedan sol eller halvmulet, 16 grader som mest. Kall vind men i l\u00e4 var det varmt och sk\u00f6nt. Gick p\u00e5 marknaden och handlade mat. Sedan ner till Intermarch\u00e9 och kompletterade. Lunch utomhus. R\u00e4tt mycket blommor i tr\u00e4dg\u00e5rden. N\u00e5got fint ogr\u00e4saktigt. Och lite cyklamen, delvis &#8221;vilda&#8221; &#8230;<\/p>\n","protected":false},"author":1,"featured_media":0,"comment_status":"open","ping_status":"open","sticky":false,"template":"","format":"standard","meta":{"jetpack_post_was_ever_published":false,"_jetpack_newsletter_access":"","_jetpack_dont_email_post_to_subs":false,"_jetpack_newsletter_tier_id":0,"footnotes":""},"categories":[89],"tags":[],"jetpack_sharing_enabled":true,"jetpack_featured_media_url":"","_links":{"self":[{"href":"https:\/\/www.montendre.se\/index.php?rest_route=\/wp\/v2\/posts\/5961"}],"collection":[{"href":"https:\/\/www.montendre.se\/index.php?rest_route=\/wp\/v2\/posts"}],"about":[{"href":"https:\/\/www.montendre.se\/index.php?rest_route=\/wp\/v2\/types\/post"}],"author":[{"embeddable":true,"href":"https:\/\/www.montendre.se\/index.php?rest_route=\/wp\/v2\/users\/1"}],"replies":[{"embeddable":true,"href":"https:\/\/www.montendre.se\/index.php?rest_route=%2Fwp%2Fv2%2Fcomments&post=5961"}],"version-history":[{"count":2,"href":"https:\/\/www.montendre.se\/index.php?rest_route=\/wp\/v2\/posts\/5961\/revisions"}],"predecessor-version":[{"id":5968,"href":"https:\/\/www.montendre.se\/index.php?rest_route=\/wp\/v2\/posts\/5961\/revisions\/5968"}],"wp:attachment":[{"href":"https:\/\/www.montendre.se\/index.php?rest_route=%2Fwp%2Fv2%2Fmedia&parent=5961"}],"wp:term":[{"taxonomy":"category","embeddable":true,"href":"https:\/\/www.montendre.se\/index.php?rest_route=%2Fwp%2Fv2%2Fcategories&post=5961"},{"taxonomy":"post_tag","embeddable":true,"href":"https:\/\/www.montendre.se\/index.php?rest_route=%2Fwp%2Fv2%2Ftags&post=5961"}],"curies":[{"name":"wp","href":"https:\/\/api.w.org\/{rel}","templated":true}]}}