{"id":5942,"date":"2024-01-27T12:03:02","date_gmt":"2024-01-27T11:03:02","guid":{"rendered":"https:\/\/www.montendre.se\/?p=5942"},"modified":"2024-01-27T12:10:27","modified_gmt":"2024-01-27T11:10:27","slug":"26-januari-2024","status":"publish","type":"post","link":"https:\/\/www.montendre.se\/?p=5942","title":{"rendered":"26 Januari 2024"},"content":{"rendered":"<p>Hemresa. Planet gick halvtidigt och jag beh\u00f6vde ju st\u00e4da lite. S\u00e5 lite halvstressigt n\u00e4stan.<\/p>\n<p>Det var lite dimmigt s\u00e5 det kom upp en massa varningar p\u00e5 motorv\u00e4gen om det p\u00e5 skyltarna. Jag tyckte det mest s\u00e5g ut som dis&#8230;<\/p>\n<p>P\u00e5 v\u00e4gen till flygplatsen var det ocks\u00e5 varningar f\u00f6r strejker p\u00e5 motorv\u00e4gen. Lustigt, nja. Strejken hade nog k\u00f6rt i min riktning tidigare f\u00f6r det var r\u00e4tt mycket k\u00f6er \u00e5t mitt h\u00e5ll ocks\u00e5. Jordbrukarna var ute och k\u00f6rde med sina traktorer p\u00e5 motorv\u00e4gen.<\/p>\n<p><a href=\"https:\/\/www.montendre.se\/wp-content\/uploads\/2024\/01\/IMG_2638.jpeg\"><img loading=\"lazy\" decoding=\"async\" class=\"size-medium wp-image-5943 aligncenter\" src=\"https:\/\/www.montendre.se\/wp-content\/uploads\/2024\/01\/IMG_2638-300x227.jpeg\" alt=\"\" width=\"300\" height=\"227\" srcset=\"https:\/\/www.montendre.se\/wp-content\/uploads\/2024\/01\/IMG_2638-300x227.jpeg 300w, https:\/\/www.montendre.se\/wp-content\/uploads\/2024\/01\/IMG_2638-1024x774.jpeg 1024w, https:\/\/www.montendre.se\/wp-content\/uploads\/2024\/01\/IMG_2638-768x580.jpeg 768w, https:\/\/www.montendre.se\/wp-content\/uploads\/2024\/01\/IMG_2638-700x529.jpeg 700w, https:\/\/www.montendre.se\/wp-content\/uploads\/2024\/01\/IMG_2638.jpeg 1280w\" sizes=\"(max-width: 300px) 100vw, 300px\" \/><\/a>Kom fram precis i tid. Hann inte tanka bilen f\u00f6r det k\u00e4ndes n\u00e4stan om\u00f6jligt att sv\u00e4nga av d\u00e4r bensinstationen \u00e4r. D\u00e4r var det packat med l\u00e5ngtradare i tv\u00e5 filer som jag hade beh\u00f6vt ta mig i genom.<\/p>\n<p>Och s\u00e5 blev ju flyget drygt en timme f\u00f6rsenat p\u00e5 grund av dimman. Och jag hade 55 minuters bytestid i Paris. S\u00e5 jag blev ombokad till ett plan som gick 5 timmar senare ungef\u00e4r. Halvroligt det ocks\u00e5. Jag hade betalat ett lite h\u00f6gre pris f\u00f6r att f\u00e5 en bra tid att komma hem p\u00e5, men det hade jag inget f\u00f6r. Hemma runt halv ett.<\/p>\n<p>&nbsp;<\/p>\n","protected":false},"excerpt":{"rendered":"<p>Hemresa. Planet gick halvtidigt och jag beh\u00f6vde ju st\u00e4da lite. S\u00e5 lite halvstressigt n\u00e4stan. Det var lite dimmigt s\u00e5 det kom upp en massa varningar p\u00e5 motorv\u00e4gen om det p\u00e5 skyltarna. Jag tyckte det mest s\u00e5g ut som dis&#8230; P\u00e5 v\u00e4gen till flygplatsen var det ocks\u00e5 varningar f\u00f6r strejker p\u00e5 &#8230;<\/p>\n","protected":false},"author":1,"featured_media":0,"comment_status":"open","ping_status":"open","sticky":false,"template":"","format":"standard","meta":{"jetpack_post_was_ever_published":false,"_jetpack_newsletter_access":"","_jetpack_dont_email_post_to_subs":false,"_jetpack_newsletter_tier_id":0,"footnotes":""},"categories":[88],"tags":[],"jetpack_sharing_enabled":true,"jetpack_featured_media_url":"","_links":{"self":[{"href":"https:\/\/www.montendre.se\/index.php?rest_route=\/wp\/v2\/posts\/5942"}],"collection":[{"href":"https:\/\/www.montendre.se\/index.php?rest_route=\/wp\/v2\/posts"}],"about":[{"href":"https:\/\/www.montendre.se\/index.php?rest_route=\/wp\/v2\/types\/post"}],"author":[{"embeddable":true,"href":"https:\/\/www.montendre.se\/index.php?rest_route=\/wp\/v2\/users\/1"}],"replies":[{"embeddable":true,"href":"https:\/\/www.montendre.se\/index.php?rest_route=%2Fwp%2Fv2%2Fcomments&post=5942"}],"version-history":[{"count":3,"href":"https:\/\/www.montendre.se\/index.php?rest_route=\/wp\/v2\/posts\/5942\/revisions"}],"predecessor-version":[{"id":5949,"href":"https:\/\/www.montendre.se\/index.php?rest_route=\/wp\/v2\/posts\/5942\/revisions\/5949"}],"wp:attachment":[{"href":"https:\/\/www.montendre.se\/index.php?rest_route=%2Fwp%2Fv2%2Fmedia&parent=5942"}],"wp:term":[{"taxonomy":"category","embeddable":true,"href":"https:\/\/www.montendre.se\/index.php?rest_route=%2Fwp%2Fv2%2Fcategories&post=5942"},{"taxonomy":"post_tag","embeddable":true,"href":"https:\/\/www.montendre.se\/index.php?rest_route=%2Fwp%2Fv2%2Ftags&post=5942"}],"curies":[{"name":"wp","href":"https:\/\/api.w.org\/{rel}","templated":true}]}}