{"id":5938,"date":"2024-01-25T21:37:48","date_gmt":"2024-01-25T20:37:48","guid":{"rendered":"https:\/\/www.montendre.se\/?p=5938"},"modified":"2024-01-27T12:03:45","modified_gmt":"2024-01-27T11:03:45","slug":"25-januari-2024","status":"publish","type":"post","link":"https:\/\/www.montendre.se\/?p=5938","title":{"rendered":"25 Januari 2024"},"content":{"rendered":"<p>Lite dimma p\u00e5 morgon men sol p\u00e5 eftermiddagen, 14 grader.<\/p>\n<p>Handlade lite p\u00e5 marknaden och sedan ner till Intermarche f\u00f6r att komplettera.<\/p>\n<p>Fortsatt med matrummet f\u00f6rst\u00e5s och sedan en del med hyllan. P\u00e5 eftermiddagen klippte jag vinet och planterade n\u00e5gra anemon-l\u00f6kar i rabatten.<\/p>\n<p><a href=\"https:\/\/www.montendre.se\/wp-content\/uploads\/2024\/01\/IMG_2633.jpeg\"><img loading=\"lazy\" decoding=\"async\" class=\"size-medium wp-image-5945 aligncenter\" src=\"https:\/\/www.montendre.se\/wp-content\/uploads\/2024\/01\/IMG_2633-225x300.jpeg\" alt=\"\" width=\"225\" height=\"300\" srcset=\"https:\/\/www.montendre.se\/wp-content\/uploads\/2024\/01\/IMG_2633-225x300.jpeg 225w, https:\/\/www.montendre.se\/wp-content\/uploads\/2024\/01\/IMG_2633-768x1024.jpeg 768w, https:\/\/www.montendre.se\/wp-content\/uploads\/2024\/01\/IMG_2633-700x933.jpeg 700w, https:\/\/www.montendre.se\/wp-content\/uploads\/2024\/01\/IMG_2633.jpeg 960w\" sizes=\"(max-width: 225px) 100vw, 225px\" \/><\/a><\/p>\n<p>Sedan tog jag faktiskt fram Klippo. Lite tidigt, men han beh\u00f6ver ju inte b\u00f6rja klippa p\u00e5 en g\u00e5ng. Innan slutet av mars, som n\u00e4sta resa \u00e4r planerad till, kan han nog beh\u00f6vas. S\u00e5 nu \u00e4r han beredd i alla fall.<\/p>\n<p>Beh\u00f6ver \u00e5ka r\u00e4tt tidigt i morgon s\u00e5 den mesta st\u00e4dningen ska vara klar i kv\u00e4ll.<\/p>\n<p>Lite vanlig mat idag, vinkokta palourder med pasta.<\/p>\n<p>&nbsp;<\/p>\n<p>&nbsp;<\/p>\n","protected":false},"excerpt":{"rendered":"<p>Lite dimma p\u00e5 morgon men sol p\u00e5 eftermiddagen, 14 grader. Handlade lite p\u00e5 marknaden och sedan ner till Intermarche f\u00f6r att komplettera. Fortsatt med matrummet f\u00f6rst\u00e5s och sedan en del med hyllan. P\u00e5 eftermiddagen klippte jag vinet och planterade n\u00e5gra anemon-l\u00f6kar i rabatten. Sedan tog jag faktiskt fram Klippo. Lite &#8230;<\/p>\n","protected":false},"author":1,"featured_media":0,"comment_status":"open","ping_status":"open","sticky":false,"template":"","format":"standard","meta":{"jetpack_post_was_ever_published":false,"_jetpack_newsletter_access":"","_jetpack_dont_email_post_to_subs":false,"_jetpack_newsletter_tier_id":0,"footnotes":""},"categories":[88],"tags":[],"jetpack_sharing_enabled":true,"jetpack_featured_media_url":"","_links":{"self":[{"href":"https:\/\/www.montendre.se\/index.php?rest_route=\/wp\/v2\/posts\/5938"}],"collection":[{"href":"https:\/\/www.montendre.se\/index.php?rest_route=\/wp\/v2\/posts"}],"about":[{"href":"https:\/\/www.montendre.se\/index.php?rest_route=\/wp\/v2\/types\/post"}],"author":[{"embeddable":true,"href":"https:\/\/www.montendre.se\/index.php?rest_route=\/wp\/v2\/users\/1"}],"replies":[{"embeddable":true,"href":"https:\/\/www.montendre.se\/index.php?rest_route=%2Fwp%2Fv2%2Fcomments&post=5938"}],"version-history":[{"count":3,"href":"https:\/\/www.montendre.se\/index.php?rest_route=\/wp\/v2\/posts\/5938\/revisions"}],"predecessor-version":[{"id":5946,"href":"https:\/\/www.montendre.se\/index.php?rest_route=\/wp\/v2\/posts\/5938\/revisions\/5946"}],"wp:attachment":[{"href":"https:\/\/www.montendre.se\/index.php?rest_route=%2Fwp%2Fv2%2Fmedia&parent=5938"}],"wp:term":[{"taxonomy":"category","embeddable":true,"href":"https:\/\/www.montendre.se\/index.php?rest_route=%2Fwp%2Fv2%2Fcategories&post=5938"},{"taxonomy":"post_tag","embeddable":true,"href":"https:\/\/www.montendre.se\/index.php?rest_route=%2Fwp%2Fv2%2Ftags&post=5938"}],"curies":[{"name":"wp","href":"https:\/\/api.w.org\/{rel}","templated":true}]}}