{"id":5904,"date":"2024-01-22T21:07:44","date_gmt":"2024-01-22T20:07:44","guid":{"rendered":"https:\/\/www.montendre.se\/?p=5904"},"modified":"2024-02-02T17:59:47","modified_gmt":"2024-02-02T16:59:47","slug":"22-januari-2024","status":"publish","type":"post","link":"https:\/\/www.montendre.se\/?p=5904","title":{"rendered":"22 Januari 2024"},"content":{"rendered":"<p>Regn idag p\u00e5 f\u00f6rmiddagen, men varmare. Tolv grader p\u00e5 eftermiddagen och en par solglimtar. Det h\u00e4r g\u00f6r att det ocks\u00e5 blir varmare inomhus f\u00f6rst\u00e5s. Upp\u00e5t 19 grader i k\u00f6ket. N\u00e4stan \u00f6verkomligt.<\/p>\n<p>Matrummet igen. Ingen tapetsering idag. V\u00e4ntar p\u00e5 att f\u00e4rg ska torka och att jag ska fixa l\u00e5dan i h\u00f6rnet&#8230;<\/p>\n<p>K\u00e4mpat med kabeldragningen p\u00e5 hallv\u00e4ggen. K\u00f6pte ny str\u00f6mbrytare. Den gamla var alldeles gul om man j\u00e4mf\u00f6r med den nya. S\u00e5gat lite f\u00f6r hyllan i sk\u00e5pet och grundm\u00e5lat lite. Blir nog bra. Lite \u00e5t det h\u00e4r h\u00e5llet kanske.<\/p>\n<p><a href=\"https:\/\/www.montendre.se\/wp-content\/uploads\/2024\/01\/IMG_2605.jpeg\"><img loading=\"lazy\" decoding=\"async\" class=\"size-medium wp-image-5908 aligncenter\" src=\"https:\/\/www.montendre.se\/wp-content\/uploads\/2024\/01\/IMG_2605-225x300.jpeg\" alt=\"\" width=\"225\" height=\"300\" srcset=\"https:\/\/www.montendre.se\/wp-content\/uploads\/2024\/01\/IMG_2605-225x300.jpeg 225w, https:\/\/www.montendre.se\/wp-content\/uploads\/2024\/01\/IMG_2605-768x1024.jpeg 768w, https:\/\/www.montendre.se\/wp-content\/uploads\/2024\/01\/IMG_2605-700x933.jpeg 700w, https:\/\/www.montendre.se\/wp-content\/uploads\/2024\/01\/IMG_2605.jpeg 960w\" sizes=\"(max-width: 225px) 100vw, 225px\" \/><\/a><\/p>\n<p>Det st\u00f6rsta och jobbigast problemet \u00e4r nu v\u00e4ggen bakom kaminen. Jag (vi) har ju t\u00e4nkt ha en skyddsplatta i metall d\u00e4r bakom.<\/p>\n<p><a href=\"https:\/\/www.montendre.se\/wp-content\/uploads\/2024\/01\/IMG_2622.jpeg\"><img loading=\"lazy\" decoding=\"async\" class=\"size-medium wp-image-5926 aligncenter\" src=\"https:\/\/www.montendre.se\/wp-content\/uploads\/2024\/01\/IMG_2622-225x300.jpeg\" alt=\"\" width=\"225\" height=\"300\" srcset=\"https:\/\/www.montendre.se\/wp-content\/uploads\/2024\/01\/IMG_2622-225x300.jpeg 225w, https:\/\/www.montendre.se\/wp-content\/uploads\/2024\/01\/IMG_2622-768x1024.jpeg 768w, https:\/\/www.montendre.se\/wp-content\/uploads\/2024\/01\/IMG_2622-700x933.jpeg 700w, https:\/\/www.montendre.se\/wp-content\/uploads\/2024\/01\/IMG_2622.jpeg 960w\" sizes=\"(max-width: 225px) 100vw, 225px\" \/><\/a>Problemet \u00e4r bara att hitta n\u00e5gon som kan\/vill s\u00e4tta dit den. Som den h\u00e4r ungef\u00e4r men utan solen ovanf\u00f6r f\u00f6rst\u00e5s. Och mitt skorstensuttag g\u00e5r horisontellt in\u00e5t och in i v\u00e4ggen. Inte som h\u00e4r, vertikalt upp\u00e5t till taket.<\/p>\n<p><a href=\"https:\/\/www.montendre.se\/wp-content\/uploads\/2024\/01\/2b227f31-0b19-4652-9c52-b03c124a3975.jpeg.webp\"><img loading=\"lazy\" decoding=\"async\" class=\"size-medium wp-image-5909 aligncenter\" src=\"https:\/\/www.montendre.se\/wp-content\/uploads\/2024\/01\/2b227f31-0b19-4652-9c52-b03c124a3975.jpeg-159x300.webp\" alt=\"\" width=\"159\" height=\"300\" srcset=\"https:\/\/www.montendre.se\/wp-content\/uploads\/2024\/01\/2b227f31-0b19-4652-9c52-b03c124a3975.jpeg-159x300.webp 159w, https:\/\/www.montendre.se\/wp-content\/uploads\/2024\/01\/2b227f31-0b19-4652-9c52-b03c124a3975.jpeg.webp 344w\" sizes=\"(max-width: 159px) 100vw, 159px\" \/><\/a>S\u00e5 kaminen m\u00e5ste dras ut och plattan tr\u00e4s \u00f6ver skorstensuttaget. Tror det beh\u00f6vs en beh\u00f6rig f\u00f6r det. S\u00e5 att det blir t\u00e4tt igen.<\/p>\n<p>Middag hemma, f\u00e5rostpasta.<\/p>\n","protected":false},"excerpt":{"rendered":"<p>Regn idag p\u00e5 f\u00f6rmiddagen, men varmare. Tolv grader p\u00e5 eftermiddagen och en par solglimtar. Det h\u00e4r g\u00f6r att det ocks\u00e5 blir varmare inomhus f\u00f6rst\u00e5s. Upp\u00e5t 19 grader i k\u00f6ket. N\u00e4stan \u00f6verkomligt. Matrummet igen. Ingen tapetsering idag. V\u00e4ntar p\u00e5 att f\u00e4rg ska torka och att jag ska fixa l\u00e5dan i h\u00f6rnet&#8230; &#8230;<\/p>\n","protected":false},"author":1,"featured_media":0,"comment_status":"open","ping_status":"open","sticky":false,"template":"","format":"standard","meta":{"jetpack_post_was_ever_published":false,"_jetpack_newsletter_access":"","_jetpack_dont_email_post_to_subs":false,"_jetpack_newsletter_tier_id":0,"footnotes":""},"categories":[88],"tags":[],"jetpack_sharing_enabled":true,"jetpack_featured_media_url":"","_links":{"self":[{"href":"https:\/\/www.montendre.se\/index.php?rest_route=\/wp\/v2\/posts\/5904"}],"collection":[{"href":"https:\/\/www.montendre.se\/index.php?rest_route=\/wp\/v2\/posts"}],"about":[{"href":"https:\/\/www.montendre.se\/index.php?rest_route=\/wp\/v2\/types\/post"}],"author":[{"embeddable":true,"href":"https:\/\/www.montendre.se\/index.php?rest_route=\/wp\/v2\/users\/1"}],"replies":[{"embeddable":true,"href":"https:\/\/www.montendre.se\/index.php?rest_route=%2Fwp%2Fv2%2Fcomments&post=5904"}],"version-history":[{"count":9,"href":"https:\/\/www.montendre.se\/index.php?rest_route=\/wp\/v2\/posts\/5904\/revisions"}],"predecessor-version":[{"id":5951,"href":"https:\/\/www.montendre.se\/index.php?rest_route=\/wp\/v2\/posts\/5904\/revisions\/5951"}],"wp:attachment":[{"href":"https:\/\/www.montendre.se\/index.php?rest_route=%2Fwp%2Fv2%2Fmedia&parent=5904"}],"wp:term":[{"taxonomy":"category","embeddable":true,"href":"https:\/\/www.montendre.se\/index.php?rest_route=%2Fwp%2Fv2%2Fcategories&post=5904"},{"taxonomy":"post_tag","embeddable":true,"href":"https:\/\/www.montendre.se\/index.php?rest_route=%2Fwp%2Fv2%2Ftags&post=5904"}],"curies":[{"name":"wp","href":"https:\/\/api.w.org\/{rel}","templated":true}]}}