{"id":5877,"date":"2024-01-20T21:01:02","date_gmt":"2024-01-20T20:01:02","guid":{"rendered":"https:\/\/www.montendre.se\/?p=5877"},"modified":"2024-01-20T23:09:17","modified_gmt":"2024-01-20T22:09:17","slug":"20-januari-2024","status":"publish","type":"post","link":"https:\/\/www.montendre.se\/?p=5877","title":{"rendered":"20 januari 2024"},"content":{"rendered":"<p>Kallt men soligt idag. Minus fyra i morse vilket \u00e4r kallt. Fick skrapa bilrutan. Solen tinar snabb upp frosten i gr\u00e4set.<\/p>\n<p><a href=\"https:\/\/www.montendre.se\/wp-content\/uploads\/2024\/01\/IMG_2585-1.jpeg\"><img loading=\"lazy\" decoding=\"async\" class=\"size-medium wp-image-5878 aligncenter\" src=\"https:\/\/www.montendre.se\/wp-content\/uploads\/2024\/01\/IMG_2585-1-300x225.jpeg\" alt=\"\" width=\"300\" height=\"225\" srcset=\"https:\/\/www.montendre.se\/wp-content\/uploads\/2024\/01\/IMG_2585-1-300x225.jpeg 300w, https:\/\/www.montendre.se\/wp-content\/uploads\/2024\/01\/IMG_2585-1-1024x768.jpeg 1024w, https:\/\/www.montendre.se\/wp-content\/uploads\/2024\/01\/IMG_2585-1-768x576.jpeg 768w, https:\/\/www.montendre.se\/wp-content\/uploads\/2024\/01\/IMG_2585-1-268x200.jpeg 268w, https:\/\/www.montendre.se\/wp-content\/uploads\/2024\/01\/IMG_2585-1-700x525.jpeg 700w, https:\/\/www.montendre.se\/wp-content\/uploads\/2024\/01\/IMG_2585-1.jpeg 1280w\" sizes=\"(max-width: 300px) 100vw, 300px\" \/><\/a><\/p>\n<p>F\u00e5r inte upp v\u00e4rmen i k\u00f6ket\u00a0till mer \u00e4n knappt 15 grader. Den \u00f6ppna korridoren g\u00f6r det sv\u00e5rt att h\u00e5lla v\u00e4rmen kvar.<\/p>\n<p>I matrummet \u00e4r det okey nu med tv\u00e5 stora element inst\u00e4llda och eldande i kaminen ig\u00e5r. Och sovrummet \u00e4r bra och badrummet d\u00e4r uppe b\u00f6rjar bli bra nu.<\/p>\n<p>Fortsatt jobba med matrummet. En hel del slipande, spacklande och m\u00e5lande inf\u00f6r fortsatt tapetserande. Gick runt i tr\u00e4dg\u00e5rden en sv\u00e4ng och det \u00e4r frostigt d\u00e4r. P\u00e5 valn\u00f6tstr\u00e4det ser det ut som n\u00e5gon klippt bort alla skott, eller s\u00e5 \u00e4r det n\u00e5got djur som k\u00e4kat upp dem.<\/p>\n<p>Blev middag hemma. Funderade ett tag om jag skulle g\u00e5 sj\u00e4lv till Talmelier men tar det ett annan g\u00e5ng.<\/p>\n","protected":false},"excerpt":{"rendered":"<p>Kallt men soligt idag. Minus fyra i morse vilket \u00e4r kallt. Fick skrapa bilrutan. Solen tinar snabb upp frosten i gr\u00e4set. F\u00e5r inte upp v\u00e4rmen i k\u00f6ket\u00a0till mer \u00e4n knappt 15 grader. Den \u00f6ppna korridoren g\u00f6r det sv\u00e5rt att h\u00e5lla v\u00e4rmen kvar. I matrummet \u00e4r det okey nu med tv\u00e5 &#8230;<\/p>\n","protected":false},"author":1,"featured_media":0,"comment_status":"open","ping_status":"open","sticky":false,"template":"","format":"standard","meta":{"jetpack_post_was_ever_published":false,"_jetpack_newsletter_access":"","_jetpack_dont_email_post_to_subs":false,"_jetpack_newsletter_tier_id":0,"footnotes":""},"categories":[88],"tags":[],"jetpack_sharing_enabled":true,"jetpack_featured_media_url":"","_links":{"self":[{"href":"https:\/\/www.montendre.se\/index.php?rest_route=\/wp\/v2\/posts\/5877"}],"collection":[{"href":"https:\/\/www.montendre.se\/index.php?rest_route=\/wp\/v2\/posts"}],"about":[{"href":"https:\/\/www.montendre.se\/index.php?rest_route=\/wp\/v2\/types\/post"}],"author":[{"embeddable":true,"href":"https:\/\/www.montendre.se\/index.php?rest_route=\/wp\/v2\/users\/1"}],"replies":[{"embeddable":true,"href":"https:\/\/www.montendre.se\/index.php?rest_route=%2Fwp%2Fv2%2Fcomments&post=5877"}],"version-history":[{"count":3,"href":"https:\/\/www.montendre.se\/index.php?rest_route=\/wp\/v2\/posts\/5877\/revisions"}],"predecessor-version":[{"id":5882,"href":"https:\/\/www.montendre.se\/index.php?rest_route=\/wp\/v2\/posts\/5877\/revisions\/5882"}],"wp:attachment":[{"href":"https:\/\/www.montendre.se\/index.php?rest_route=%2Fwp%2Fv2%2Fmedia&parent=5877"}],"wp:term":[{"taxonomy":"category","embeddable":true,"href":"https:\/\/www.montendre.se\/index.php?rest_route=%2Fwp%2Fv2%2Fcategories&post=5877"},{"taxonomy":"post_tag","embeddable":true,"href":"https:\/\/www.montendre.se\/index.php?rest_route=%2Fwp%2Fv2%2Ftags&post=5877"}],"curies":[{"name":"wp","href":"https:\/\/api.w.org\/{rel}","templated":true}]}}