{"id":5861,"date":"2024-01-20T11:00:23","date_gmt":"2024-01-20T10:00:23","guid":{"rendered":"https:\/\/www.montendre.se\/?p=5861"},"modified":"2024-01-20T11:00:23","modified_gmt":"2024-01-20T10:00:23","slug":"19-januari-2024","status":"publish","type":"post","link":"https:\/\/www.montendre.se\/?p=5861","title":{"rendered":"19 januari 2024"},"content":{"rendered":"<p>F\u00f6rsta resan utan att Lena \u00e4r vare sig h\u00e4r eller hemma&#8230;<\/p>\n<p>Reste ner p\u00e5 f\u00f6rmiddagen och kom fram vid \u00e5tta-tiden p\u00e5 kv\u00e4llen. (Skrev f\u00f6rst &#8221;hem&#8221; i.st.f. &#8221;fram&#8221;!?)<\/p>\n<p>Kallt i huset, det har ju varit minusgrader flera n\u00e4tter s\u00e5 det \u00e4r v\u00e4ldigt utkylt. Jag slog p\u00e5 v\u00e4rmepumparna innan jag reste ner men den d\u00e4r uppe i sovrummet hade jag st\u00e4llt in fel s\u00e5 det var bara 13 grader i sovrummet. Det fixar sig dock snabbt om man st\u00e4ller in den r\u00e4tt och st\u00e4nger d\u00f6rren ut till korridoren. D\u00e5 kom det upp till 20 grader p\u00e5 n\u00e5gon timme.<\/p>\n<p>Efter lite m\u00f6da hittade jag n\u00e5gra gamla vedbitar ute i &#8221;garaget&#8221; som jag kunde anv\u00e4nda till kaminen. De var dock v\u00e4ldigt stora och fuktiga och sv\u00e5ra att f\u00e5 eld p\u00e5. Men n\u00e4r kaminen v\u00e4l \u00e4r ig\u00e5ng s\u00e5 kan man kasta in vad som helst och det b\u00f6rjar brinna. Smidigt.<\/p>\n<p>P\u00e5 v\u00e4gen hit stannade jag och handlade mat som jag t\u00e4nkt laga till, men mitt i matlagningen tar gasen slut. Jag har en flaska gas till som jag f\u00f6rs\u00f6kte koppla in, men i m\u00f6rkret och minusgrader k\u00e4ndes det som en om\u00f6jlig uppgift. S\u00e5 jag la ner det projektet och tog lite ost, snacks och vin i st\u00e4llet.<\/p>\n","protected":false},"excerpt":{"rendered":"<p>F\u00f6rsta resan utan att Lena \u00e4r vare sig h\u00e4r eller hemma&#8230; Reste ner p\u00e5 f\u00f6rmiddagen och kom fram vid \u00e5tta-tiden p\u00e5 kv\u00e4llen. (Skrev f\u00f6rst &#8221;hem&#8221; i.st.f. &#8221;fram&#8221;!?) Kallt i huset, det har ju varit minusgrader flera n\u00e4tter s\u00e5 det \u00e4r v\u00e4ldigt utkylt. Jag slog p\u00e5 v\u00e4rmepumparna innan jag reste ner &#8230;<\/p>\n","protected":false},"author":1,"featured_media":0,"comment_status":"open","ping_status":"open","sticky":false,"template":"","format":"standard","meta":{"jetpack_post_was_ever_published":false,"_jetpack_newsletter_access":"","_jetpack_dont_email_post_to_subs":false,"_jetpack_newsletter_tier_id":0,"footnotes":""},"categories":[88],"tags":[],"jetpack_sharing_enabled":true,"jetpack_featured_media_url":"","_links":{"self":[{"href":"https:\/\/www.montendre.se\/index.php?rest_route=\/wp\/v2\/posts\/5861"}],"collection":[{"href":"https:\/\/www.montendre.se\/index.php?rest_route=\/wp\/v2\/posts"}],"about":[{"href":"https:\/\/www.montendre.se\/index.php?rest_route=\/wp\/v2\/types\/post"}],"author":[{"embeddable":true,"href":"https:\/\/www.montendre.se\/index.php?rest_route=\/wp\/v2\/users\/1"}],"replies":[{"embeddable":true,"href":"https:\/\/www.montendre.se\/index.php?rest_route=%2Fwp%2Fv2%2Fcomments&post=5861"}],"version-history":[{"count":14,"href":"https:\/\/www.montendre.se\/index.php?rest_route=\/wp\/v2\/posts\/5861\/revisions"}],"predecessor-version":[{"id":5875,"href":"https:\/\/www.montendre.se\/index.php?rest_route=\/wp\/v2\/posts\/5861\/revisions\/5875"}],"wp:attachment":[{"href":"https:\/\/www.montendre.se\/index.php?rest_route=%2Fwp%2Fv2%2Fmedia&parent=5861"}],"wp:term":[{"taxonomy":"category","embeddable":true,"href":"https:\/\/www.montendre.se\/index.php?rest_route=%2Fwp%2Fv2%2Fcategories&post=5861"},{"taxonomy":"post_tag","embeddable":true,"href":"https:\/\/www.montendre.se\/index.php?rest_route=%2Fwp%2Fv2%2Ftags&post=5861"}],"curies":[{"name":"wp","href":"https:\/\/api.w.org\/{rel}","templated":true}]}}